{"id":15064,"date":"2023-04-10T00:00:00","date_gmt":"2023-04-09T22:00:00","guid":{"rendered":"https:\/\/www.secvergnaud.com\/index.php\/les-infos-du-jour\/droits-dauteur-cest-quoi-un-travail-collaboratif\/"},"modified":"2023-04-10T00:00:00","modified_gmt":"2023-04-09T22:00:00","slug":"droits-dauteur-cest-quoi-un-travail-collaboratif","status":"publish","type":"weblex-importer-post","link":"https:\/\/www.secvergnaud.com\/index.php\/les-infos-du-jour\/droits-dauteur-cest-quoi-un-travail-collaboratif\/","title":{"rendered":"Droits d&#039;auteur : c&#039;est quoi un travail collaboratif ?"},"content":{"rendered":"<p>Dans les milieux de la cr\u00e9ation artistique, la reconnaissance de l&rsquo;auteur d&rsquo;une \u0153uvre de l&rsquo;esprit est une question primordiale aux cons\u00e9quences multiples. Il n&rsquo;est donc pas rare que des conflits \u00e9mergent concernant des d\u00e9saccords sur qui est l&rsquo;auteur ou non, d&rsquo;autant plus lorsque plusieurs personnes participent \u00e0 la cr\u00e9ation d&rsquo;une \u0153uvre&#8230;<\/p>\n<h2>Plusieurs prestataires, une vid\u00e9o : qui est l&rsquo;auteur ?<\/h2>\n<p>Une entreprise fait appel \u00e0 un prestataire pour la r\u00e9alisation d&rsquo;un \u00ab film de communication non sonoris\u00e9 \u00bb, puis \u00e0 un autre prestataire pour r\u00e9aliser le son de ce film.<\/p>\n<p>Mais, peu de temps apr\u00e8s avoir rendu son travail, le deuxi\u00e8me prestataire s&rsquo;aper\u00e7oit, en consultant le site Internet de l&rsquo;entreprise, que le son de la vid\u00e9o n&rsquo;est pas celui qu&rsquo;il a produit et que sa participation \u00e0 la cr\u00e9ation de l&rsquo;\u0153uvre n&rsquo;est pas reconnue, puisqu&rsquo;il n&rsquo;est pas cit\u00e9 parmi les auteurs.<\/p>\n<p>\u00ab&nbsp;Inconcevable&nbsp;!&nbsp;\u00bb, s&rsquo;insurge le professionnel.&nbsp;&nbsp;L&rsquo;entreprise ayant fait appel \u00e0 lui pour sonoriser ce film de communication et ayant accept\u00e9 son travail, il en r\u00e9sulte une \u0153uvre audiovisuelle compl\u00e8te cr\u00e9\u00e9e en collaboration par l&rsquo;ensemble des prestataires.<\/p>\n<p>Ils doivent donc tous en \u00eatre consid\u00e9r\u00e9s comme auteurs et il consid\u00e8re, par cons\u00e9quent, que retirer sa sonorisation de l&rsquo;\u0153uvre finale tout en l&rsquo;omettant de la liste des auteurs constitue un acte de contrefa\u00e7on.<\/p>\n<p>Cependant pour l&rsquo;entreprise, s&rsquo;il est bien l&rsquo;auteur de la sonorisation, il n&rsquo;est en rien le co-auteur d&rsquo;une \u0153uvre audiovisuelle cr\u00e9\u00e9e en collaboration. Le premier prestataire a travaill\u00e9 de son c\u00f4t\u00e9 pour cr\u00e9er une vid\u00e9o qui lui a ensuite \u00e9t\u00e9 transmise et sur laquelle il a travaill\u00e9.<\/p>\n<p>\u00c0 aucun moment ils ne se sont retrouv\u00e9s ensemble dans un processus cr\u00e9atif. Il n&rsquo;y a donc eu aucune collaboration.<\/p>\n<p>Ce que confirme le juge, il ne s&rsquo;agit pas ici d&rsquo;une \u0153uvre de collaboration, mais d&rsquo;une \u0153uvre dite \u00ab composite \u00bb dans laquelle le travail de plusieurs cr\u00e9ateurs ind\u00e9pendants est r\u00e9uni.<\/p>\n<p>C&rsquo;est donc \u00e0 juste titre que le prestataire (dont la bande son n&rsquo;a pas \u00e9t\u00e9 utilis\u00e9e) n&rsquo;est pas cr\u00e9dit\u00e9 comme auteur de ce film&#8230;<\/p>\n<div>Sources :  <\/p>\n<ul>\n<li><a href=\"https:\/\/www.legifrance.gouv.fr\/juri\/id\/JURITEXT000047395875?init=true&amp;page=1&amp;query=22-13.809&amp;searchField=ALL&amp;tab_selection=all\" rel=\"noopener\" target=\"_blank\">Arr\u00eat de la Cour de cassation, 1re chambre civile, du 29 mars 2023, n\u00b0 22-13809<\/a><\/li>\n<\/ul>\n<\/div>\n<p><a href=\"https:\/\/www.weblex.fr\/weblex-actualite\/droits-d-auteur-c-est-quoi-un-travail-collaboratif\" target=\"_blank\" rel=\"noopener\">Droits d&rsquo;auteur : c&rsquo;est quoi un travail collaboratif ?<\/a> &#8211; \u00a9 Copyright WebLex<\/p>\n<p><img src=\"https:\/\/www.weblex.fr\/sites\/default\/files\/actualites\/images\/Shutterstock_2107111166.jpg\"><\/p>\n","protected":false},"excerpt":{"rendered":"<p>Dans les milieux de la cr\u00e9ation artistique, la reconnaissance de l&rsquo;auteur d&rsquo;une \u0153uvre de l&rsquo;esprit est une question primordiale aux cons\u00e9quences multiples. Il n&rsquo;est donc pas rare que des conflits \u00e9mergent concernant des d\u00e9saccords sur qui est l&rsquo;auteur ou non, d&rsquo;autant plus lorsque plusieurs personnes participent \u00e0 la cr\u00e9ation d&rsquo;une \u0153uvre&#8230;<\/p>\n","protected":false},"featured_media":15065,"template":"","weblex-importer-activity":[],"weblex-importer-category":[62,63],"weblex-importer-tag":[198],"weblex-importer-keyword":[],"_links":{"self":[{"href":"https:\/\/www.secvergnaud.com\/index.php\/wp-json\/wp\/v2\/weblex-importer-post\/15064"}],"collection":[{"href":"https:\/\/www.secvergnaud.com\/index.php\/wp-json\/wp\/v2\/weblex-importer-post"}],"about":[{"href":"https:\/\/www.secvergnaud.com\/index.php\/wp-json\/wp\/v2\/types\/weblex-importer-post"}],"wp:featuredmedia":[{"embeddable":true,"href":"https:\/\/www.secvergnaud.com\/index.php\/wp-json\/wp\/v2\/media\/15065"}],"wp:attachment":[{"href":"https:\/\/www.secvergnaud.com\/index.php\/wp-json\/wp\/v2\/media?parent=15064"}],"wp:term":[{"taxonomy":"weblex-importer-activity","embeddable":true,"href":"https:\/\/www.secvergnaud.com\/index.php\/wp-json\/wp\/v2\/weblex-importer-activity?post=15064"},{"taxonomy":"weblex-importer-category","embeddable":true,"href":"https:\/\/www.secvergnaud.com\/index.php\/wp-json\/wp\/v2\/weblex-importer-category?post=15064"},{"taxonomy":"weblex-importer-tag","embeddable":true,"href":"https:\/\/www.secvergnaud.com\/index.php\/wp-json\/wp\/v2\/weblex-importer-tag?post=15064"},{"taxonomy":"weblex-importer-keyword","embeddable":true,"href":"https:\/\/www.secvergnaud.com\/index.php\/wp-json\/wp\/v2\/weblex-importer-keyword?post=15064"}],"curies":[{"name":"wp","href":"https:\/\/api.w.org\/{rel}","templated":true}]}}