{"id":15062,"date":"2023-04-11T00:00:00","date_gmt":"2023-04-10T22:00:00","guid":{"rendered":"https:\/\/www.secvergnaud.com\/index.php\/les-infos-du-jour\/mon-accompagnateur-renov-cest-parti-pour-lagrement\/"},"modified":"2023-04-11T00:00:00","modified_gmt":"2023-04-10T22:00:00","slug":"mon-accompagnateur-renov-cest-parti-pour-lagrement","status":"publish","type":"weblex-importer-post","link":"https:\/\/www.secvergnaud.com\/index.php\/les-infos-du-jour\/mon-accompagnateur-renov-cest-parti-pour-lagrement\/","title":{"rendered":"Mon Accompagnateur R\u00e9nov&#039; : c&#039;est parti pour l&#039;agr\u00e9ment !"},"content":{"rendered":"<p>La r\u00e9novation \u00e9nerg\u00e9tique, notamment des logements, est l&rsquo;un des th\u00e8mes de pr\u00e9dilection actuels du Gouvernement. Dans ce contexte, le dispositif Mon Accompagnateur R\u00e9nov&rsquo; a \u00e9t\u00e9 mis en place pour aider les personnes int\u00e9ress\u00e9es \u00e0 b\u00e2tir des projets de r\u00e9novation adapt\u00e9s \u00e0 leurs besoins. Comment devenir Accompagnateur R\u00e9nov&rsquo; ?<\/p>\n<h2>Mon Accompagnateur R\u00e9nov&rsquo; : un calendrier pr\u00e9cis pour les demandes d&rsquo;agr\u00e9ment<\/h2>\n<p>Le dispositif Mon Accompagnateur R\u00e9nov&rsquo; a \u00e9t\u00e9 mis en place pour s\u00e9curiser les personnes engag\u00e9es dans des parcours de r\u00e9novation ambitieux de leurs logements.&nbsp;<\/p>\n<p>Il s&rsquo;agit de tiers de confiance, dont les comp\u00e9tences et la neutralit\u00e9 sont garanties. Les accompagnateurs ont pour mission, comme leur nom l&rsquo;indique, de proposer aux particuliers un accompagnement en 3 \u00e9tapes :<\/p>\n<ul>\n<li>\u00e9valuation de l&rsquo;\u00e9tat du logement et de la situation du m\u00e9nage ;<\/li>\n<li>r\u00e9alisation d&rsquo;un audit \u00e9nerg\u00e9tique ou pr\u00e9sentation de l&rsquo;audit existant ;<\/li>\n<li>pr\u00e9paration et accompagnement pour la r\u00e9alisation du projet.<\/li>\n<\/ul>\n<p>Notez que pour <a href=\"https:\/\/www.service-public.fr\/particuliers\/actualites\/A15918\" rel=\"noopener\" target=\"_blank\">certains travaux<\/a>, la mise en oeuvre de cet accompagnement est obligatoire.&nbsp;<\/p>\n<p>Les professionnels qui souhaitent intervenir en tant qu&rsquo;Accompagnateur R\u00e9nov&rsquo; doivent obtenir un agr\u00e9ment de l&rsquo;Anah (Agence nationale de l&rsquo;habitat).<\/p>\n<p>Notez qu&rsquo;une plateforme Web d\u00e9di\u00e9e aux demandes d&rsquo;agr\u00e9ment sera mise en ligne le 30 avril 2023. Elle sera accessible via le site France R\u00e9nov&rsquo;.<\/p>\n<p>En fonction de la qualit\u00e9 du candidat \u00e0 l&rsquo;agr\u00e9ment, 2 parcours sont pr\u00e9vus.<\/p>\n<p>Les acteurs dits \u00ab historiques \u00bb du secteur (Espace Conseil France R\u00e9nov&rsquo; par exemple) pourront d\u00e9poser leur demande d\u00e8s le 2 mai 2023, pour obtenir un agr\u00e9ment avant le 1er septembre 2023.<\/p>\n<p>Quant aux nouveaux acteurs, majoritairement priv\u00e9s, ils pourront d\u00e9poser leurs dossiers sur cette plateforme d\u00e8s le 1er juillet 2023.<\/p>\n<div>Sources :  <\/p>\n<ul>\n<li><a href=\"https:\/\/www.service-public.fr\/particuliers\/actualites\/A15918\" rel=\"noopener\" target=\"_blank\">Article du Service-public.fr du 30 ao\u00fbt 2022 :&nbsp;\u00ab&nbsp;Qu&rsquo;est-ce que Mon Accompagnateur R\u00e9nov&rsquo;&nbsp;? \u00bb<\/a>&nbsp;<\/li>\n<li><a href=\"https:\/\/www.ecologie.gouv.fr\/mon-accompagnateur-renov-calendrier-precise-lobtention-lagrement\" rel=\"noopener\" target=\"_blank\">Article du minist\u00e8re de la Transition \u00e9cologique du 3 avril 2023 :&nbsp;\u00ab&nbsp;Mon Accompagnateur R\u00e9nov&rsquo; : calendrier pr\u00e9cis\u00e9 pour l&rsquo;obtention de l&rsquo;agr\u00e9ment \u00bb&nbsp;<\/a><\/li>\n<\/ul>\n<\/div>\n<p><a href=\"https:\/\/www.weblex.fr\/weblex-actualite\/mon-accompagnateur-renov-c-est-parti-pour-l-agrement\" target=\"_blank\" rel=\"noopener\">Mon Accompagnateur R\u00e9nov&rsquo; : c&rsquo;est parti pour l&rsquo;agr\u00e9ment !<\/a> &#8211; \u00a9 Copyright WebLex<\/p>\n<p><img src=\"https:\/\/www.weblex.fr\/sites\/default\/files\/actualites\/images\/renovation.jpg\"><\/p>\n","protected":false},"excerpt":{"rendered":"<p>La r\u00e9novation \u00e9nerg\u00e9tique, notamment des logements, est l&rsquo;un des th\u00e8mes de pr\u00e9dilection actuels du Gouvernement. Dans ce contexte, le dispositif Mon Accompagnateur R\u00e9nov&rsquo; a \u00e9t\u00e9 mis en place pour aider les personnes int\u00e9ress\u00e9es \u00e0 b\u00e2tir des projets de r\u00e9novation adapt\u00e9s \u00e0 leurs besoins. Comment devenir Accompagnateur R\u00e9nov&rsquo; ?<\/p>\n","protected":false},"featured_media":15063,"template":"","weblex-importer-activity":[],"weblex-importer-category":[62,64],"weblex-importer-tag":[198],"weblex-importer-keyword":[],"_links":{"self":[{"href":"https:\/\/www.secvergnaud.com\/index.php\/wp-json\/wp\/v2\/weblex-importer-post\/15062"}],"collection":[{"href":"https:\/\/www.secvergnaud.com\/index.php\/wp-json\/wp\/v2\/weblex-importer-post"}],"about":[{"href":"https:\/\/www.secvergnaud.com\/index.php\/wp-json\/wp\/v2\/types\/weblex-importer-post"}],"wp:featuredmedia":[{"embeddable":true,"href":"https:\/\/www.secvergnaud.com\/index.php\/wp-json\/wp\/v2\/media\/15063"}],"wp:attachment":[{"href":"https:\/\/www.secvergnaud.com\/index.php\/wp-json\/wp\/v2\/media?parent=15062"}],"wp:term":[{"taxonomy":"weblex-importer-activity","embeddable":true,"href":"https:\/\/www.secvergnaud.com\/index.php\/wp-json\/wp\/v2\/weblex-importer-activity?post=15062"},{"taxonomy":"weblex-importer-category","embeddable":true,"href":"https:\/\/www.secvergnaud.com\/index.php\/wp-json\/wp\/v2\/weblex-importer-category?post=15062"},{"taxonomy":"weblex-importer-tag","embeddable":true,"href":"https:\/\/www.secvergnaud.com\/index.php\/wp-json\/wp\/v2\/weblex-importer-tag?post=15062"},{"taxonomy":"weblex-importer-keyword","embeddable":true,"href":"https:\/\/www.secvergnaud.com\/index.php\/wp-json\/wp\/v2\/weblex-importer-keyword?post=15062"}],"curies":[{"name":"wp","href":"https:\/\/api.w.org\/{rel}","templated":true}]}}