{"id":15052,"date":"2023-04-12T00:00:00","date_gmt":"2023-04-11T22:00:00","guid":{"rendered":"https:\/\/www.secvergnaud.com\/index.php\/les-infos-du-jour\/concessionnaire-automobile-une-activite-en-peril\/"},"modified":"2023-04-12T00:00:00","modified_gmt":"2023-04-11T22:00:00","slug":"concessionnaire-automobile-une-activite-en-peril","status":"publish","type":"weblex-importer-post","link":"https:\/\/www.secvergnaud.com\/index.php\/les-infos-du-jour\/concessionnaire-automobile-une-activite-en-peril\/","title":{"rendered":"Concessionnaire automobile : une activit\u00e9 en p\u00e9ril ?"},"content":{"rendered":"<p>Depuis mai 2021, en raison du contexte \u00e9conomique, plusieurs constructeurs automobiles ont annonc\u00e9 la r\u00e9siliation de leurs contrats avec les concessionnaires. Une r\u00e9siliation qui met en p\u00e9ril l&rsquo;activit\u00e9 de concessionnaire en France, selon un d\u00e9put\u00e9, qui demande&nbsp;au Gouvernement s&rsquo;il compte agir pour rem\u00e9dier \u00e0 cette situation&#8230;<\/p>\n<h2>R\u00e9siliation des contrats de concession automobile : pas d&rsquo;intervention programm\u00e9e !<\/h2>\n<p>La fili\u00e8re automobile fait actuellement face \u00e0 de nombreux enjeux : transition \u00e9nerg\u00e9tique et \u00e9cologique, \u00e9volution des usages et des modes de consommation des automobilistes, etc.<\/p>\n<p>Cela a amen\u00e9 les constructeurs automobiles \u00e0 r\u00e9silier de nombreux contrats de concession dans de nombreux pays europ\u00e9ens, dont la France.<\/p>\n<p>Craignant pour le maillage territorial des concessions automobiles et au vu du nombre d&#8217;emplois que cela repr\u00e9sente, un d\u00e9put\u00e9 demande au Gouvernement ce qu&rsquo;il compte&nbsp;faire&#8230;<\/p>\n<p>Bien qu&rsquo;attentif \u00e0 la situation, le Gouvernement indique qu&rsquo;il ne compte pas agir, puisque les constructeurs concern\u00e9s, libres de r\u00e9organiser leurs r\u00e9seaux, respectent la proc\u00e9dure de r\u00e9siliation, conform\u00e9ment aux engagements contractuels.<\/p>\n<p>Par ailleurs, les concessionnaires peuvent, si n\u00e9cessaire, faire appel au juge, qui analysera si l&rsquo;obligation d&rsquo;information pr\u00e9contractuelle, la proc\u00e9dure encadrant la rupture de la relation commerciale ou encore, le montant de l&rsquo;indemnisation vers\u00e9e, sont respect\u00e9s.<\/p>\n<div>Sources :  <\/p>\n<ul>\n<li><a href=\"https:\/\/questions.assemblee-nationale.fr\/q16\/16-3914QE.htm\" rel=\"noopener\" target=\"_blank\">R\u00e9ponse minist\u00e9rielle Bourgeaux du 4 avril 2023, Assembl\u00e9e nationale, n\u00b0 3914&nbsp;: \u00ab&nbsp;Relations contractuelles entre les constructeurs automobiles et distributeurs&nbsp;\u00bb<\/a><\/li>\n<\/ul>\n<\/div>\n<p><a href=\"https:\/\/www.weblex.fr\/weblex-actualite\/concessionnaire-automobile-une-activite-en-peril\" target=\"_blank\" rel=\"noopener\">Concessionnaire automobile : une activit\u00e9 en p\u00e9ril ?<\/a> &#8211; \u00a9 Copyright WebLex<\/p>\n<p><img src=\"https:\/\/www.weblex.fr\/sites\/default\/files\/actualites\/images\/concessionauto.jpg\"><\/p>\n","protected":false},"excerpt":{"rendered":"<p>Depuis mai 2021, en raison du contexte \u00e9conomique, plusieurs constructeurs automobiles ont annonc\u00e9 la r\u00e9siliation de leurs contrats avec les concessionnaires. Une r\u00e9siliation qui met en p\u00e9ril l&rsquo;activit\u00e9 de concessionnaire en France, selon un d\u00e9put\u00e9, qui demande&nbsp;au Gouvernement s&rsquo;il compte agir pour rem\u00e9dier \u00e0 cette situation&#8230;<\/p>\n","protected":false},"featured_media":15053,"template":"","weblex-importer-activity":[],"weblex-importer-category":[62,63],"weblex-importer-tag":[198],"weblex-importer-keyword":[],"_links":{"self":[{"href":"https:\/\/www.secvergnaud.com\/index.php\/wp-json\/wp\/v2\/weblex-importer-post\/15052"}],"collection":[{"href":"https:\/\/www.secvergnaud.com\/index.php\/wp-json\/wp\/v2\/weblex-importer-post"}],"about":[{"href":"https:\/\/www.secvergnaud.com\/index.php\/wp-json\/wp\/v2\/types\/weblex-importer-post"}],"wp:featuredmedia":[{"embeddable":true,"href":"https:\/\/www.secvergnaud.com\/index.php\/wp-json\/wp\/v2\/media\/15053"}],"wp:attachment":[{"href":"https:\/\/www.secvergnaud.com\/index.php\/wp-json\/wp\/v2\/media?parent=15052"}],"wp:term":[{"taxonomy":"weblex-importer-activity","embeddable":true,"href":"https:\/\/www.secvergnaud.com\/index.php\/wp-json\/wp\/v2\/weblex-importer-activity?post=15052"},{"taxonomy":"weblex-importer-category","embeddable":true,"href":"https:\/\/www.secvergnaud.com\/index.php\/wp-json\/wp\/v2\/weblex-importer-category?post=15052"},{"taxonomy":"weblex-importer-tag","embeddable":true,"href":"https:\/\/www.secvergnaud.com\/index.php\/wp-json\/wp\/v2\/weblex-importer-tag?post=15052"},{"taxonomy":"weblex-importer-keyword","embeddable":true,"href":"https:\/\/www.secvergnaud.com\/index.php\/wp-json\/wp\/v2\/weblex-importer-keyword?post=15052"}],"curies":[{"name":"wp","href":"https:\/\/api.w.org\/{rel}","templated":true}]}}