{"id":15046,"date":"2023-04-12T00:00:00","date_gmt":"2023-04-11T22:00:00","guid":{"rendered":"https:\/\/www.secvergnaud.com\/index.php\/les-infos-du-jour\/plan-de-resilience-lactivite-partielle-et-le-guichet-age-sont-ils-cumulables\/"},"modified":"2023-04-12T00:00:00","modified_gmt":"2023-04-11T22:00:00","slug":"plan-de-resilience-lactivite-partielle-et-le-guichet-age-sont-ils-cumulables","status":"publish","type":"weblex-importer-post","link":"https:\/\/www.secvergnaud.com\/index.php\/les-infos-du-jour\/plan-de-resilience-lactivite-partielle-et-le-guichet-age-sont-ils-cumulables\/","title":{"rendered":"Plan de r\u00e9silience : l&#039;activit\u00e9 partielle et le \u00ab guichet AGE \u00bb sont-ils cumulables ?"},"content":{"rendered":"<p>Est-il ou non possible de cumuler les aides au titre de l&rsquo;activit\u00e9 partielle et du guichet d&rsquo;aide au paiement des factures de gaz et d&rsquo;\u00e9lectricit\u00e9 (dit \u00ab guichet AGE \u00bb) ? R\u00e9ponse du Gouvernement.<\/p>\n<h2>Crise \u00e9nerg\u00e9tique : pas de cumul de l&rsquo;activit\u00e9 partielle et du \u00ab guichet AGE \u00bb<\/h2>\n<p>Au vu des cons\u00e9quences \u00e9conomiques engendr\u00e9es par la crise en Ukraine, les dispositifs d&rsquo;activit\u00e9 partielle et d&rsquo;activit\u00e9 partielle de longue dur\u00e9e (APLD) ont \u00e9t\u00e9 adapt\u00e9s. Une&nbsp;<a href=\"https:\/\/travail-emploi.gouv.fr\/emploi-et-insertion\/accompagnement-des-mutations-economiques\/activite-partielle-chomage-partiel\/article\/questions-reponses-ap-apld-dans-le-contexte-du-conflit-en-ukraine\" rel=\"noopener\" target=\"_blank\">foire aux questions (FAQ<\/a>), mise en ligne par le Gouvernement, est d&rsquo;ailleurs disponible.<\/p>\n<p>Le guichet d\u2019aide au paiement des factures de gaz et d\u2019\u00e9lectricit\u00e9 (\u00ab guichet AGE \u00bb), quant \u00e0 lui,&nbsp;est un dispositif destin\u00e9 aux entreprises qui, toutes conditions remplies, leur permet de compenser les surco\u00fbts de d\u00e9penses \u00e9nerg\u00e9tiques pour la p\u00e9riode du 1er mars 2022 au 31 d\u00e9cembre 2023.&nbsp;<\/p>\n<p>Notez qu&rsquo;il n&rsquo;est pas interdit, pour une m\u00eame entreprise, de mobiliser le \u00ab guichet AGE \u00bb puis, si l&rsquo;aide obtenue s&rsquo;av\u00e8re insuffisante, d&rsquo;avoir recours \u00e0 l&rsquo;activit\u00e9 partielle.&nbsp;<\/p>\n<p>Pour autant, il n&rsquo;est pas possible de cumuler l&rsquo;aide du guichet AGE et l&rsquo;activit\u00e9 partielle, pour une m\u00eame p\u00e9riode, pour les m\u00eames activit\u00e9s et pour les&nbsp;m\u00eames salari\u00e9s.<\/p>\n<div>Sources :  <\/p>\n<ul>\n<li><a href=\"https:\/\/travail-emploi.gouv.fr\/emploi-et-insertion\/accompagnement-des-mutations-economiques\/activite-partielle-chomage-partiel\/article\/questions-reponses-ap-apld-dans-le-contexte-du-conflit-en-ukraine\" rel=\"noopener\" target=\"_blank\">Questions-r\u00e9ponses&nbsp;\u00ab AP\/APLD dans le contexte du conflit en Ukraine \u00bb du minist\u00e8re du Travail, du Plein emploi et de l&rsquo;Insertion du 16 mars 2022, \u00e0 jour au 17 mars 2023&nbsp;<\/a><\/li>\n<\/ul>\n<\/div>\n<p><a href=\"https:\/\/www.weblex.fr\/weblex-actualite\/plan-de-resilience-l-activite-partielle-et-le-guichet-age-sont-ils-cumulables\" target=\"_blank\" rel=\"noopener\">Plan de r\u00e9silience : l&rsquo;activit\u00e9 partielle et le \u00ab guichet AGE \u00bb sont-ils cumulables ? <\/a> &#8211; \u00a9 Copyright WebLex<\/p>\n<p><img src=\"https:\/\/www.weblex.fr\/sites\/default\/files\/actualites\/images\/aides.jpg\"><\/p>\n","protected":false},"excerpt":{"rendered":"<p>Est-il ou non possible de cumuler les aides au titre de l&rsquo;activit\u00e9 partielle et du guichet d&rsquo;aide au paiement des factures de gaz et d&rsquo;\u00e9lectricit\u00e9 (dit \u00ab guichet AGE \u00bb) ? R\u00e9ponse du Gouvernement.<\/p>\n","protected":false},"featured_media":15047,"template":"","weblex-importer-activity":[],"weblex-importer-category":[62,65],"weblex-importer-tag":[198],"weblex-importer-keyword":[],"_links":{"self":[{"href":"https:\/\/www.secvergnaud.com\/index.php\/wp-json\/wp\/v2\/weblex-importer-post\/15046"}],"collection":[{"href":"https:\/\/www.secvergnaud.com\/index.php\/wp-json\/wp\/v2\/weblex-importer-post"}],"about":[{"href":"https:\/\/www.secvergnaud.com\/index.php\/wp-json\/wp\/v2\/types\/weblex-importer-post"}],"wp:featuredmedia":[{"embeddable":true,"href":"https:\/\/www.secvergnaud.com\/index.php\/wp-json\/wp\/v2\/media\/15047"}],"wp:attachment":[{"href":"https:\/\/www.secvergnaud.com\/index.php\/wp-json\/wp\/v2\/media?parent=15046"}],"wp:term":[{"taxonomy":"weblex-importer-activity","embeddable":true,"href":"https:\/\/www.secvergnaud.com\/index.php\/wp-json\/wp\/v2\/weblex-importer-activity?post=15046"},{"taxonomy":"weblex-importer-category","embeddable":true,"href":"https:\/\/www.secvergnaud.com\/index.php\/wp-json\/wp\/v2\/weblex-importer-category?post=15046"},{"taxonomy":"weblex-importer-tag","embeddable":true,"href":"https:\/\/www.secvergnaud.com\/index.php\/wp-json\/wp\/v2\/weblex-importer-tag?post=15046"},{"taxonomy":"weblex-importer-keyword","embeddable":true,"href":"https:\/\/www.secvergnaud.com\/index.php\/wp-json\/wp\/v2\/weblex-importer-keyword?post=15046"}],"curies":[{"name":"wp","href":"https:\/\/api.w.org\/{rel}","templated":true}]}}