{"id":15044,"date":"2023-04-13T00:00:00","date_gmt":"2023-04-12T22:00:00","guid":{"rendered":"https:\/\/www.secvergnaud.com\/index.php\/les-infos-du-jour\/dark-stores-commerces-ou-non\/"},"modified":"2023-04-13T00:00:00","modified_gmt":"2023-04-12T22:00:00","slug":"dark-stores-commerces-ou-non","status":"publish","type":"weblex-importer-post","link":"https:\/\/www.secvergnaud.com\/index.php\/les-infos-du-jour\/dark-stores-commerces-ou-non\/","title":{"rendered":"Dark stores : commerces ou non ?"},"content":{"rendered":"<p>Faisant directement suite au d\u00e9veloppement des livraisons de repas et autres achats alimentaires, un nouveau type d&rsquo;\u00e9tablissement a commenc\u00e9 \u00e0 voir le jour dans les centres-villes : les dark stores. Souvent d\u00e9cri\u00e9s par le&nbsp;voisinage, la nature de leur activit\u00e9 n&rsquo;est pas encore clairement d\u00e9finie. Les juges donnent n\u00e9anmoins un premier \u00e9l\u00e9ment de r\u00e9ponse&#8230;<\/p>\n<h2>Changement en dark store = changement de destination du local ?<\/h2>\n<p>Les dark stores ont fait leur apparition tr\u00e8s r\u00e9cemment dans le centre-ville de plusieurs grandes villes. Il s&rsquo;agit de locaux, non ouverts au public, dans lesquels sont stock\u00e9s des denr\u00e9es de consommation commune et \u00e0 partir desquels partent des livraisons cons\u00e9cutives \u00e0 des achats en ligne effectu\u00e9s par des consommateurs.<\/p>\n<p>Durant l&rsquo;\u00e9t\u00e9 2022, la mairie de Paris a constat\u00e9 que 2 soci\u00e9t\u00e9s qui occupaient des locaux commerciaux dans la ville avait modifi\u00e9 leur activit\u00e9 pour se reconvertir en dark stores. Elle leur demande donc de remettre les locaux en \u00e9tat de servir \u00e0 leur usage initial. Pour elle, les soci\u00e9t\u00e9s auraient d\u00fb accomplir des formalit\u00e9s aupr\u00e8s de ses services d&rsquo;urbanisme avant d&rsquo;envisager une telle transformation.<\/p>\n<p>La mairie consid\u00e8re, en effet, qu&rsquo;il y a ici&nbsp;un changement de destination des locaux commerciaux, ce qui n\u00e9cessite une d\u00e9claration faite aupr\u00e8s de la ville afin qu&rsquo;elle puisse effectuer un contr\u00f4le de la validit\u00e9 de ce changement et, potentiellement, s&rsquo;y opposer.<\/p>\n<p>Les soci\u00e9t\u00e9s arguent, de leur c\u00f4t\u00e9, que la d\u00e9marche n&rsquo;est en rien n\u00e9cessaire puisque, malgr\u00e9 ce changement, elles&nbsp;exercent toujours une activit\u00e9 commerciale.<\/p>\n<p>Cependant le juge donne raison \u00e0 la mairie. Les locaux ne servant plus \u00e0 pr\u00e9senter des produits \u00e0 la client\u00e8le et \u00e0 r\u00e9aliser de la vente directe, ils ne peuvent plus \u00eatre consid\u00e9r\u00e9s comme des commerces : ils correspondent d\u00e9sormais \u00e0 la d\u00e9finition de l&rsquo;entrep\u00f4t. La mairie \u00e9tait donc fond\u00e9e \u00e0 demander \u00e0 ce qu&rsquo;une d\u00e9claration de changement de destination soit faite. \u00c0 d\u00e9faut, et au regard de son plan de local d&rsquo;urbanisme (PLU), elle est en droit de refuser l&rsquo;ouverture d&rsquo;entrep\u00f4t dans son centre-ville.<\/p>\n<div>Sources :  <\/p>\n<ul>\n<li><a href=\"https:\/\/www.legifrance.gouv.fr\/ceta\/id\/CETATEXT000047340164?init=true&amp;page=1&amp;query=468360&amp;searchField=ALL&amp;tab_selection=all\" rel=\"noopener\" target=\"_blank\">Arr\u00eat du Conseil d&rsquo;\u00c9tat du 23 mars 2023, n\u00b0 468360<\/a><\/li>\n<\/ul>\n<\/div>\n<p><a href=\"https:\/\/www.weblex.fr\/weblex-actualite\/dark-stores-commerces-ou-non\" target=\"_blank\" rel=\"noopener\">Dark stores : commerces ou non ?<\/a> &#8211; \u00a9 Copyright WebLex<\/p>\n<p><img src=\"https:\/\/www.weblex.fr\/sites\/default\/files\/actualites\/images\/Shutterstock_1811043631.jpg\"><\/p>\n","protected":false},"excerpt":{"rendered":"<p>Faisant directement suite au d\u00e9veloppement des livraisons de repas et autres achats alimentaires, un nouveau type d&rsquo;\u00e9tablissement a commenc\u00e9 \u00e0 voir le jour dans les centres-villes : les dark stores. Souvent d\u00e9cri\u00e9s par le&nbsp;voisinage, la nature de leur activit\u00e9 n&rsquo;est pas encore clairement d\u00e9finie. Les juges donnent n\u00e9anmoins un premier \u00e9l\u00e9ment de r\u00e9ponse&#8230;<\/p>\n","protected":false},"featured_media":15045,"template":"","weblex-importer-activity":[],"weblex-importer-category":[62,63],"weblex-importer-tag":[198],"weblex-importer-keyword":[],"_links":{"self":[{"href":"https:\/\/www.secvergnaud.com\/index.php\/wp-json\/wp\/v2\/weblex-importer-post\/15044"}],"collection":[{"href":"https:\/\/www.secvergnaud.com\/index.php\/wp-json\/wp\/v2\/weblex-importer-post"}],"about":[{"href":"https:\/\/www.secvergnaud.com\/index.php\/wp-json\/wp\/v2\/types\/weblex-importer-post"}],"wp:featuredmedia":[{"embeddable":true,"href":"https:\/\/www.secvergnaud.com\/index.php\/wp-json\/wp\/v2\/media\/15045"}],"wp:attachment":[{"href":"https:\/\/www.secvergnaud.com\/index.php\/wp-json\/wp\/v2\/media?parent=15044"}],"wp:term":[{"taxonomy":"weblex-importer-activity","embeddable":true,"href":"https:\/\/www.secvergnaud.com\/index.php\/wp-json\/wp\/v2\/weblex-importer-activity?post=15044"},{"taxonomy":"weblex-importer-category","embeddable":true,"href":"https:\/\/www.secvergnaud.com\/index.php\/wp-json\/wp\/v2\/weblex-importer-category?post=15044"},{"taxonomy":"weblex-importer-tag","embeddable":true,"href":"https:\/\/www.secvergnaud.com\/index.php\/wp-json\/wp\/v2\/weblex-importer-tag?post=15044"},{"taxonomy":"weblex-importer-keyword","embeddable":true,"href":"https:\/\/www.secvergnaud.com\/index.php\/wp-json\/wp\/v2\/weblex-importer-keyword?post=15044"}],"curies":[{"name":"wp","href":"https:\/\/api.w.org\/{rel}","templated":true}]}}