{"id":15038,"date":"2023-04-14T00:00:00","date_gmt":"2023-04-13T22:00:00","guid":{"rendered":"https:\/\/www.secvergnaud.com\/index.php\/les-infos-du-jour\/residants-dehpad-oui-a-la-reduction-dimpot-non-au-credit-dimpot\/"},"modified":"2023-04-14T00:00:00","modified_gmt":"2023-04-13T22:00:00","slug":"residants-dehpad-oui-a-la-reduction-dimpot-non-au-credit-dimpot","status":"publish","type":"weblex-importer-post","link":"https:\/\/www.secvergnaud.com\/index.php\/les-infos-du-jour\/residants-dehpad-oui-a-la-reduction-dimpot-non-au-credit-dimpot\/","title":{"rendered":"R\u00e9sidants d&#039;EHPAD : oui \u00e0 la r\u00e9duction d&#039;imp\u00f4t, non au cr\u00e9dit d&#039;imp\u00f4t !"},"content":{"rendered":"<p>1977 \u20ac ! C&rsquo;est le co\u00fbt m\u00e9dian mensuel d&rsquo;une chambre individuelle en EHPAD en 2018. Afin d&rsquo;aider financi\u00e8rement les personnes d\u00e9pendantes, il existe une r\u00e9duction d&rsquo;imp\u00f4t au titre des d\u00e9penses d&rsquo;accueil de ce type d&rsquo;\u00e9tablissement. Une r\u00e9duction applicable, par d\u00e9finition, uniquement aux r\u00e9sidants imposables, rel\u00e8ve un d\u00e9put\u00e9, qui interpelle le Gouvernement sur la situation des personnes non imposables&#8230;&nbsp;<\/p>\n<h2>R\u00e9duction d&rsquo;imp\u00f4t = imp\u00f4t pr\u00e9alable !&nbsp;<\/h2>\n<p>Peuvent b\u00e9n\u00e9ficier d&rsquo;une r\u00e9duction d&rsquo;imp\u00f4t sur le revenu les personnes accueillies :<\/p>\n<ul>\n<li>soit dans des \u00e9tablissements et services sociaux et m\u00e9dico-sociaux qui accueillent des personnes \u00e2g\u00e9es ;&nbsp;<\/li>\n<li>soit dans des \u00e9tablissements de sant\u00e9, publics ou priv\u00e9s, comportant un h\u00e9bergement et dispensant&nbsp;des soins de longue dur\u00e9e \u00e0 des personnes n&rsquo;ayant pas leur autonomie de vie et dont l&rsquo;\u00e9tat n\u00e9cessite une surveillance m\u00e9dicale&nbsp;constante et des traitements d&rsquo;entretien.<\/li>\n<\/ul>\n<p>Ces personnes ont droit, toutes conditions remplies, \u00e0 une r\u00e9duction d&rsquo;imp\u00f4t correspondant \u00e0 25 % du montant des d\u00e9penses support\u00e9es au titre de la d\u00e9pendance et de l&rsquo;h\u00e9bergement, dans la limite de 10 000 \u20ac.&nbsp;<\/p>\n<p>Ce qui pose question \u00e0 un d\u00e9put\u00e9 : parce qu&rsquo;il s&rsquo;agit d&rsquo;une r\u00e9duction d&rsquo;imp\u00f4t, seules en b\u00e9n\u00e9ficient les personnes imposables. Une situation d\u00e9favorable aux personnes ne payant pas d&rsquo;imp\u00f4t.<\/p>\n<p>Pour rem\u00e9dier \u00e0 cette in\u00e9galit\u00e9, il propose donc une solution : transformer cette r\u00e9duction d&rsquo;imp\u00f4t en cr\u00e9dit d&rsquo;imp\u00f4t.&nbsp;<\/p>\n<p>Cette proposition est refus\u00e9e par le Gouvernement, qui rappelle que les personnes non imposables vivants en EHPAD sont prises en charge par d&rsquo;autres dispositifs d&rsquo;aides, notamment :&nbsp;<\/p>\n<ul>\n<li>l&rsquo;allocation personnalis\u00e9e d&rsquo;autonomie (APA) ;<\/li>\n<li>l&rsquo;allocation de solidarit\u00e9 aux personnes \u00e2g\u00e9es (ASPA) ;<\/li>\n<li>l&rsquo;aide sociale \u00e0 l&rsquo;h\u00e9bergement (ASH).<\/li>\n<\/ul>\n<p>Au regard de la r\u00e9glementation fiscale, il existe \u00e9galement d&rsquo;autres mesures.&nbsp;<\/p>\n<p>Ainsi, une personne ayant une carte \u00ab mobilit\u00e9 inclusion \u00bb avec la mention \u00ab invalidit\u00e9 \u00bb b\u00e9n\u00e9ficie d&rsquo;une demi-part suppl\u00e9mentaire de quotient familial.<\/p>\n<p>De plus, dans l&rsquo;hypoth\u00e8se o\u00f9 les enfants de la personne habitant en EHPAD lui apportent une aide financi\u00e8re, la fraction de cette aide correspondant aux frais d&rsquo;h\u00e9bergements n&rsquo;est&nbsp;pas imposable au nom du b\u00e9n\u00e9ficiaire, \u00e0 condition :<\/p>\n<ul>\n<li>que ces frais soient r\u00e9gl\u00e9s directement \u00e0 l&rsquo;\u00e9tablissement ;<\/li>\n<li>que la personne h\u00e9berg\u00e9e ne dispose que de faibles ressources.<\/li>\n<\/ul>\n<div>Sources :  <\/p>\n<ul>\n<li><a href=\"https:\/\/questions.assemblee-nationale.fr\/q16\/16-3775QE.htm\" rel=\"noopener\" target=\"_blank\">R\u00e9ponse minist\u00e9rielle Bricout du 11 avril 2023, Assembl\u00e9e nationale, n\u00b0&nbsp;3775&nbsp;: \u00ab\u00a0Aide financi\u00e8re pour les personnes d\u00e9pendantes en Ehpad non soumises \u00e0 l&rsquo;imp\u00f4t<\/a>\u00ab\u00a0<\/li>\n<li><a href=\"https:\/\/www.pour-les-personnes-agees.gouv.fr\/vivre-dans-un-ehpad\/comprendre-les-prix-en-ehpad\/cout-dun-hebergement-en-ehpad-en-2018\" rel=\"noopener\" target=\"_blank\">Article du Portail national d&rsquo;information pour les personnes \u00e2g\u00e9es et leurs proches, mis \u00e0 jour au 25 octobre 2022 : \u00ab\u00a0Co\u00fbt d\u2019un h\u00e9bergement en EHPAD en 2018\u00a0\u00bb<\/a><\/li>\n<\/ul>\n<\/div>\n<p><a href=\"https:\/\/www.weblex.fr\/weblex-actualite\/residants-d-ehpad-oui-a-la-reduction-d-impot-non-au-credit-d-impot\" target=\"_blank\" rel=\"noopener\">R\u00e9sidants d&rsquo;EHPAD : oui \u00e0 la r\u00e9duction d&rsquo;imp\u00f4t, non au cr\u00e9dit d&rsquo;imp\u00f4t ! <\/a> &#8211; \u00a9 Copyright WebLex<\/p>\n<p><img src=\"https:\/\/www.weblex.fr\/sites\/default\/files\/actualites\/images\/maisonderetraite.jpg\"><\/p>\n","protected":false},"excerpt":{"rendered":"<p>1977 \u20ac ! C&rsquo;est le co\u00fbt m\u00e9dian mensuel d&rsquo;une chambre individuelle en EHPAD en 2018. Afin d&rsquo;aider financi\u00e8rement les personnes d\u00e9pendantes, il existe une r\u00e9duction d&rsquo;imp\u00f4t au titre des d\u00e9penses d&rsquo;accueil de ce type d&rsquo;\u00e9tablissement. Une r\u00e9duction applicable, par d\u00e9finition, uniquement aux r\u00e9sidants imposables, rel\u00e8ve un d\u00e9put\u00e9, qui interpelle le Gouvernement sur la situation des personnes non imposables&#8230;&nbsp;<\/p>\n","protected":false},"featured_media":15039,"template":"","weblex-importer-activity":[],"weblex-importer-category":[62,66],"weblex-importer-tag":[198],"weblex-importer-keyword":[],"_links":{"self":[{"href":"https:\/\/www.secvergnaud.com\/index.php\/wp-json\/wp\/v2\/weblex-importer-post\/15038"}],"collection":[{"href":"https:\/\/www.secvergnaud.com\/index.php\/wp-json\/wp\/v2\/weblex-importer-post"}],"about":[{"href":"https:\/\/www.secvergnaud.com\/index.php\/wp-json\/wp\/v2\/types\/weblex-importer-post"}],"wp:featuredmedia":[{"embeddable":true,"href":"https:\/\/www.secvergnaud.com\/index.php\/wp-json\/wp\/v2\/media\/15039"}],"wp:attachment":[{"href":"https:\/\/www.secvergnaud.com\/index.php\/wp-json\/wp\/v2\/media?parent=15038"}],"wp:term":[{"taxonomy":"weblex-importer-activity","embeddable":true,"href":"https:\/\/www.secvergnaud.com\/index.php\/wp-json\/wp\/v2\/weblex-importer-activity?post=15038"},{"taxonomy":"weblex-importer-category","embeddable":true,"href":"https:\/\/www.secvergnaud.com\/index.php\/wp-json\/wp\/v2\/weblex-importer-category?post=15038"},{"taxonomy":"weblex-importer-tag","embeddable":true,"href":"https:\/\/www.secvergnaud.com\/index.php\/wp-json\/wp\/v2\/weblex-importer-tag?post=15038"},{"taxonomy":"weblex-importer-keyword","embeddable":true,"href":"https:\/\/www.secvergnaud.com\/index.php\/wp-json\/wp\/v2\/weblex-importer-keyword?post=15038"}],"curies":[{"name":"wp","href":"https:\/\/api.w.org\/{rel}","templated":true}]}}