{"id":15020,"date":"2023-04-18T00:00:00","date_gmt":"2023-04-17T22:00:00","guid":{"rendered":"https:\/\/www.secvergnaud.com\/index.php\/les-infos-du-jour\/reforme-des-retraites-2023-la-fin-de-certains-regimes-speciaux\/"},"modified":"2023-04-18T00:00:00","modified_gmt":"2023-04-17T22:00:00","slug":"reforme-des-retraites-2023-la-fin-de-certains-regimes-speciaux","status":"publish","type":"weblex-importer-post","link":"https:\/\/www.secvergnaud.com\/index.php\/les-infos-du-jour\/reforme-des-retraites-2023-la-fin-de-certains-regimes-speciaux\/","title":{"rendered":"R\u00e9forme des retraites 2023 : la fin de (certains) r\u00e9gimes sp\u00e9ciaux"},"content":{"rendered":"<p>La France compte plus d\u2019une dizaine de r\u00e9gimes sp\u00e9ciaux de retraite. \u00c0 l\u2019occasion de la r\u00e9forme des retraites, certains d&rsquo;entre eux sont supprim\u00e9s. Lesquels ? \u00c0 quelle date ?<\/p>\n<h2>Une suppression pour le 1er septembre 2023<\/h2>\n<p>La loi portant r\u00e9forme des retraites met un terme aux r\u00e9gimes sp\u00e9ciaux de retraite des salari\u00e9s relevant :&nbsp;<\/p>\n<ul>\n<li>de la RATP ;<\/li>\n<li>de la branche industries \u00e9lectriques et gazi\u00e8res (IEG) ;<\/li>\n<li>des personnels de la Banque de &nbsp;France ;<\/li>\n<li>des clercs et employ\u00e9s de notaires ;<\/li>\n<li>des membres du Conseil \u00e9conomique social et environnemental (CESE).&nbsp;<\/li>\n<\/ul>\n<p>Ainsi, les personnes nouvellement embauch\u00e9es \u00e0 compter du 1er septembre 2023 seront affili\u00e9es au r\u00e9gime g\u00e9n\u00e9ral pour la retraite.<\/p>\n<div>Sources :  <\/p>\n<ul>\n<li><a href=\"https:\/\/www.legifrance.gouv.fr\/jorf\/id\/JORFTEXT000047445077\" rel=\"noopener\" target=\"_blank\">Loi n\u00b0 2023-270 du 14 avril 2023 de financement rectificative de la s\u00e9curit\u00e9 sociale pour 2023<\/a> (article 1)<\/li>\n<li><a href=\"https:\/\/www.legifrance.gouv.fr\/jorf\/id\/JORFTEXT000047445125\" rel=\"noopener\" target=\"_blank\">D\u00e9cision du Conseil constitutionnel du 14 avril 2023, n\u00b0 2023-849 (DC)&nbsp;<\/a><br \/>\t&nbsp;<\/li>\n<\/ul>\n<\/div>\n<p><a href=\"https:\/\/www.weblex.fr\/weblex-actualite\/reforme-des-retraites-2023-la-fin-de-certains-regimes-speciaux\" target=\"_blank\" rel=\"noopener\">R\u00e9forme des retraites 2023 : la fin de (certains) r\u00e9gimes sp\u00e9ciaux<\/a> &#8211; \u00a9 Copyright WebLex<\/p>\n<p><img src=\"https:\/\/www.weblex.fr\/sites\/default\/files\/actualites\/images\/ratp.jpg\"><\/p>\n","protected":false},"excerpt":{"rendered":"<p>La France compte plus d\u2019une dizaine de r\u00e9gimes sp\u00e9ciaux de retraite. \u00c0 l\u2019occasion de la r\u00e9forme des retraites, certains d&rsquo;entre eux sont supprim\u00e9s. Lesquels ? \u00c0 quelle date ?<\/p>\n","protected":false},"featured_media":15021,"template":"","weblex-importer-activity":[],"weblex-importer-category":[62,65],"weblex-importer-tag":[198],"weblex-importer-keyword":[],"_links":{"self":[{"href":"https:\/\/www.secvergnaud.com\/index.php\/wp-json\/wp\/v2\/weblex-importer-post\/15020"}],"collection":[{"href":"https:\/\/www.secvergnaud.com\/index.php\/wp-json\/wp\/v2\/weblex-importer-post"}],"about":[{"href":"https:\/\/www.secvergnaud.com\/index.php\/wp-json\/wp\/v2\/types\/weblex-importer-post"}],"wp:featuredmedia":[{"embeddable":true,"href":"https:\/\/www.secvergnaud.com\/index.php\/wp-json\/wp\/v2\/media\/15021"}],"wp:attachment":[{"href":"https:\/\/www.secvergnaud.com\/index.php\/wp-json\/wp\/v2\/media?parent=15020"}],"wp:term":[{"taxonomy":"weblex-importer-activity","embeddable":true,"href":"https:\/\/www.secvergnaud.com\/index.php\/wp-json\/wp\/v2\/weblex-importer-activity?post=15020"},{"taxonomy":"weblex-importer-category","embeddable":true,"href":"https:\/\/www.secvergnaud.com\/index.php\/wp-json\/wp\/v2\/weblex-importer-category?post=15020"},{"taxonomy":"weblex-importer-tag","embeddable":true,"href":"https:\/\/www.secvergnaud.com\/index.php\/wp-json\/wp\/v2\/weblex-importer-tag?post=15020"},{"taxonomy":"weblex-importer-keyword","embeddable":true,"href":"https:\/\/www.secvergnaud.com\/index.php\/wp-json\/wp\/v2\/weblex-importer-keyword?post=15020"}],"curies":[{"name":"wp","href":"https:\/\/api.w.org\/{rel}","templated":true}]}}