{"id":15012,"date":"2023-04-18T00:00:00","date_gmt":"2023-04-17T22:00:00","guid":{"rendered":"https:\/\/www.secvergnaud.com\/index.php\/les-infos-du-jour\/reforme-des-retraites-2023-un-depart-a-la-retraite-a-64-ans\/"},"modified":"2023-04-18T00:00:00","modified_gmt":"2023-04-17T22:00:00","slug":"reforme-des-retraites-2023-un-depart-a-la-retraite-a-64-ans","status":"publish","type":"weblex-importer-post","link":"https:\/\/www.secvergnaud.com\/index.php\/les-infos-du-jour\/reforme-des-retraites-2023-un-depart-a-la-retraite-a-64-ans\/","title":{"rendered":"R\u00e9forme des retraites 2023 : un d\u00e9part \u00e0 la retraite \u00e0 64 ans&#8230;"},"content":{"rendered":"<p class=\"MsoNormal\">La loi vient sonner le glas de l\u2019\u00e2ge l\u00e9gal de d\u00e9part \u00e0 la retraite \u00e0 62 ans\u2026 qui passe \u00e0 64 ans. Mais ce n\u2019est pas tout ! D\u2019autres mesures sont \u00e9galement au programme de cette r\u00e9forme qui ne cesse de faire parler d\u2019elle. Faisons le point\u2026<\/p>\n<h2>Le rel\u00e8vement progressif de l\u2019\u00e2ge de d\u00e9part \u00e0 la retraite<\/h2>\n<p>Jusqu\u2019\u00e0 pr\u00e9sent, l\u2019\u00e2ge l\u00e9gal de d\u00e9part \u00e0 la retraite \u00e9tait fix\u00e9 \u00e0 62 ans.&nbsp;<\/p>\n<p>\u00c0 compter du 1er septembre 2023, il sera progressivement relev\u00e9, afin d\u2019atteindre 64 ans.<\/p>\n<p>En pratique, cet \u00e2ge sera relev\u00e9 \u00e0 raison de 3 mois par g\u00e9n\u00e9ration pour les assur\u00e9s n\u00e9s \u00e0 compter du 1er septembre 1961, pour pouvoir atteindre 64 ans en 2030.&nbsp;<\/p>\n<h2>L\u2019augmentation de la dur\u00e9e de cotisation<\/h2>\n<p>Rappelons que pour pouvoir obtenir une retraite \u00e0 taux plein, les assur\u00e9s doivent avoir cumul\u00e9 un nombre minimum de trimestres d\u2019assurance retraite, tous r\u00e9gimes confondus.&nbsp;<\/p>\n<p>\u00c0 d\u00e9faut d\u2019avoir le nombre de trimestres requis, la pension de retraite est r\u00e9duite en fonction du nombre de trimestres manquants :&nbsp;c\u2019est ce qu\u2019on appelle \u00ab la d\u00e9cote \u00bb.&nbsp;<\/p>\n<p>En 2014, la r\u00e9forme \u00ab Touraine \u00bb avait pour but de relever progressivement la dur\u00e9e de cotisation pour les assur\u00e9s n\u00e9s \u00e0 partir de 1973, pour pouvoir obtenir une pension de retraite \u00e0 taux plein, soit 172 trimestres (43 ans), d\u00e8s 2035.<\/p>\n<p>D\u00e9sormais, tous les assur\u00e9s n\u00e9s depuis 1965 devront avoir cotis\u00e9 172 trimestres (soit 43 ans) pour obtenir la retraite \u00e0 taux plein \u00e0 partir de 2027.<\/p>\n<h2>Le maintien du taux plein \u00e0 67 ans<\/h2>\n<p>En revanche, l\u2019\u00e2ge permettant d\u2019obtenir la retraite \u00e0 taux plein (sans d\u00e9cote) ne change pas : il est maintenu \u00e0 67 ans, m\u00eame si les personnes n\u2019ont pas cotis\u00e9&nbsp;43 ans.<\/p>\n<h2>Les majorations pour enfant<\/h2>\n<p>Pour rappel, les parents peuvent b\u00e9n\u00e9ficier de majorations de la dur\u00e9e d&rsquo;assurance li\u00e9es \u00e0 leurs enfants.<\/p>\n<p>Ces majorations sont pr\u00e9vues&nbsp;:&nbsp;<\/p>\n<ul>\n<li>au titre des cons\u00e9quences de la maternit\u00e9 sur la vie professionnelle : une majoration de la dur\u00e9e d&rsquo;assurance de 4 trimestres est attribu\u00e9e \u00e0 la m\u00e8re pour chacun des enfants ;&nbsp;<\/li>\n<li>au titre de l&rsquo;\u00e9ducation de l&rsquo;enfant pendant les 4 ann\u00e9es suivant sa naissance ou son adoption : une majoration de la dur\u00e9e d&rsquo;assurance de 4 trimestres est attribu\u00e9e pour chaque enfant mineur ;&nbsp;<\/li>\n<li>au titre de l&rsquo;incidence sur la vie professionnelle de l&rsquo;accueil de l&rsquo;enfant et des d\u00e9marches pr\u00e9alables \u00e0 son adoption : une majoration de la dur\u00e9e d&rsquo;assurance de 4 trimestres est attribu\u00e9e, pour chaque enfant adopt\u00e9 durant sa minorit\u00e9, \u00e0 ses parents.<\/li>\n<\/ul>\n<p>Notez que pour les majorations li\u00e9es \u00e0 l\u2019\u00e9ducation ou \u00e0 l\u2019adoption, les parents d\u00e9signent d\u2019un commun accord le b\u00e9n\u00e9ficiaire de la majoration, ou le cas \u00e9ch\u00e9ant, la r\u00e9partition entre eux de cet avantage.&nbsp;<\/p>\n<p>D\u00e9sormais, la loi garantit aux m\u00e8res au moins 2 trimestres de majoration pour chaque enfant mineur au titre de son \u00e9ducation ou de son adoption.&nbsp;<\/p>\n<p>De plus, en cas de d\u00e9c\u00e8s de l&rsquo;enfant avant la fin de la 4e ann\u00e9e suivant sa naissance ou son adoption, le parent conserve la majoration de 4 trimestres li\u00e9e \u00e0 l&rsquo;\u00e9ducation.&nbsp;<\/p>\n<h2>La perte des majorations pour enfant<\/h2>\n<p>La loi ajoute de nouveaux cas dans lesquels le parent perd la majoration de 4 trimestres li\u00e9e \u00e0 l\u2019\u00e9ducation de l\u2019enfant. Ainsi, les majorations seront perdues :&nbsp;<\/p>\n<ul>\n<li>lorsque le parent s&rsquo;est vu priver de l\u2019exercice de l\u2019autorit\u00e9 parentale ou que celle-ci lui a \u00e9t\u00e9 retir\u00e9e&nbsp;par une d\u00e9cision du juge, \u00e0 la suite d\u2019une condamnation p\u00e9nale au titre de certains crimes ou d\u00e9lits commis \u00e0 l\u2019encontre de son enfant. Cette nouveaut\u00e9 s&rsquo;applique aux privations et aux retraits d\u2019autorit\u00e9 parentale applicables \u00e0 compter du 1er septembre 2023 ;&nbsp;<\/li>\n<li>dans certains cas, en cas de condamnation d\u00e9finitive \u00e0 la r\u00e9clusion criminelle \u00e0 perp\u00e9tuit\u00e9, sur d\u00e9cision du juge, pour le meurtre de l\u2019enfant ouvrant droit \u00e0 cette majoration. Cette&nbsp;disposition&nbsp;s\u2019applique&nbsp;\u00e0 compter du 16 avril 2023.<\/li>\n<\/ul>\n<h2>Les retraites anticip\u00e9es&nbsp;<\/h2>\n<p>Les conditions de d\u00e9part \u00e0 la retraite pour les personnes b\u00e9n\u00e9ficiant des dispositifs de d\u00e9part anticip\u00e9 sont adapt\u00e9es, \u00e0 la suite du recul de l\u2019\u00e2ge de d\u00e9part \u00e0 la retraite.<\/p>\n<p>Cela concerne :<\/p>\n<ul>\n<li>la retraite anticip\u00e9e pour carri\u00e8res longues : le d\u00e9part \u00e0 la retraite sera possible, selon les cas, entre 58 et 63 ans ;<\/li>\n<li>la retraite anticip\u00e9e pour \u00ab handicap lourd \u00bb : le d\u00e9part \u00e0 la retraite sera possible \u00e0 partir de 55 ans ;&nbsp;<\/li>\n<li>la retraite anticip\u00e9e pour incapacit\u00e9 permanente r\u00e9sultant d\u2019une maladie professionnelle ou d\u2019un accident du travail. Le d\u00e9part \u00e0 la retraite sera possible, suivant le taux d\u2019incapacit\u00e9 permanente :&nbsp;\n<ul>\n<li>soit d\u00e8s 60 ans ;<\/li>\n<li>soit 2 ans avant l\u2019\u00e2ge l\u00e9gal de d\u00e9part \u00e0 la retraite sous certaines conditions ;<\/li>\n<\/ul>\n<\/li>\n<li>les assur\u00e9s invalides ou inaptes au travail : le d\u00e9part \u00e0 la retraite sera possible \u00e0 62 ans.<\/li>\n<\/ul>\n<h2>La retraite progressive<\/h2>\n<p>Pour rappel, la retraite progressive permet de liquider, avant l\u2019\u00e2ge l\u00e9gal, une partie de sa pension de retraite, tout en continuant \u00e0 travailler&nbsp;\u00e0 temps partiel.&nbsp;<\/p>\n<p>Actuellement, il est possible de b\u00e9n\u00e9ficier de ce dispositif, toutes conditions remplies, 2 ans avant l\u2019\u00e2ge l\u00e9gal de d\u00e9part \u00e0 la retraite, soit \u00e0 partir de 60 ans.&nbsp;<\/p>\n<p>La loi pr\u00e9voit qu\u2019il sera d\u00e9sormais possible d\u2019acc\u00e9der \u00e0 la retraite progressive au moins un an avant l\u2019\u00e2ge l\u00e9gal de d\u00e9part \u00e0 la retraite (donc 63 ans). Des pr\u00e9cisions sont encore attendues sur ce point.&nbsp;<\/p>\n<p>De plus, le b\u00e9n\u00e9fice de ce dispositif est \u00e9tendu, sous conditions :&nbsp;<\/p>\n<ul>\n<li>aux personnes exer\u00e7ant \u00e0 titre exclusif une activit\u00e9 salari\u00e9e qui, n\u2019\u00e9tant pas assujettie \u00e0 une dur\u00e9e d\u2019activit\u00e9 d\u00e9finie par un employeur, leur procure un revenu minimal et donne lieu \u00e0 diminution des revenus professionnels (sont notamment concern\u00e9s les VRP)&nbsp;;&nbsp;<\/li>\n<li>aux personnes non salari\u00e9es exer\u00e7ant \u00e0 titre exclusif une activit\u00e9 non salari\u00e9e qui, n\u2019\u00e9tant pas assujettie \u00e0 une dur\u00e9e d\u2019activit\u00e9 d\u00e9finie par un employeur, procure un revenu minimal et donne lieu \u00e0 diminution des revenus professionnels (sont concern\u00e9s les travailleurs ind\u00e9pendants) ;<\/li>\n<li>aux personnes exer\u00e7ant \u00e0 titre exclusif une activit\u00e9 de chef d&rsquo;exploitation ou d&rsquo;entreprise agricole et qui s&rsquo;engagent dans la cessation progressive de leur activit\u00e9 ;&nbsp;<\/li>\n<li>aux assur\u00e9s titulaires d\u2019une pension d\u2019invalidit\u00e9.<\/li>\n<\/ul>\n<div>Sources :  <\/p>\n<ul>\n<li><a href=\"https:\/\/www.legifrance.gouv.fr\/jorf\/id\/JORFTEXT000047445077\" rel=\"noopener\" target=\"_blank\">Loi&nbsp;n\u00b0 2023-270 du 14 avril 2023 de financement rectificative de la s\u00e9curit\u00e9 sociale pour 2023<\/a>&nbsp;(articles 10, 11, 12, 13, 14, 15,&nbsp;17 et 26)<\/li>\n<li><a href=\"https:\/\/www.legifrance.gouv.fr\/jorf\/id\/JORFTEXT000047445125\" rel=\"noopener\" target=\"_blank\">D\u00e9cision du Conseil constitutionnel du 14 avril 2023, n\u00b0 2023-849 (DC)&nbsp;<\/a><\/li>\n<\/ul>\n<\/div>\n<p><a href=\"https:\/\/www.weblex.fr\/weblex-actualite\/reforme-des-retraites-2023-un-depart-a-la-retraite-a-64-ans\" target=\"_blank\" rel=\"noopener\">R\u00e9forme des retraites 2023 : bye bye les 62 ans&#8230;<\/a> &#8211; \u00a9 Copyright WebLex<\/p>\n<p><img src=\"https:\/\/www.weblex.fr\/sites\/default\/files\/actualites\/images\/retraite.jpg\"><\/p>\n","protected":false},"excerpt":{"rendered":"<p class=\"MsoNormal\">La loi vient sonner le glas de l\u2019\u00e2ge l\u00e9gal de d\u00e9part \u00e0 la retraite \u00e0 62 ans\u2026 qui passe \u00e0 64 ans. Mais ce n\u2019est pas tout ! D\u2019autres mesures sont \u00e9galement au programme de cette r\u00e9forme qui ne cesse de faire parler d\u2019elle. Faisons le point\u2026<\/p>\n","protected":false},"featured_media":15013,"template":"","weblex-importer-activity":[],"weblex-importer-category":[62,65],"weblex-importer-tag":[198],"weblex-importer-keyword":[],"_links":{"self":[{"href":"https:\/\/www.secvergnaud.com\/index.php\/wp-json\/wp\/v2\/weblex-importer-post\/15012"}],"collection":[{"href":"https:\/\/www.secvergnaud.com\/index.php\/wp-json\/wp\/v2\/weblex-importer-post"}],"about":[{"href":"https:\/\/www.secvergnaud.com\/index.php\/wp-json\/wp\/v2\/types\/weblex-importer-post"}],"wp:featuredmedia":[{"embeddable":true,"href":"https:\/\/www.secvergnaud.com\/index.php\/wp-json\/wp\/v2\/media\/15013"}],"wp:attachment":[{"href":"https:\/\/www.secvergnaud.com\/index.php\/wp-json\/wp\/v2\/media?parent=15012"}],"wp:term":[{"taxonomy":"weblex-importer-activity","embeddable":true,"href":"https:\/\/www.secvergnaud.com\/index.php\/wp-json\/wp\/v2\/weblex-importer-activity?post=15012"},{"taxonomy":"weblex-importer-category","embeddable":true,"href":"https:\/\/www.secvergnaud.com\/index.php\/wp-json\/wp\/v2\/weblex-importer-category?post=15012"},{"taxonomy":"weblex-importer-tag","embeddable":true,"href":"https:\/\/www.secvergnaud.com\/index.php\/wp-json\/wp\/v2\/weblex-importer-tag?post=15012"},{"taxonomy":"weblex-importer-keyword","embeddable":true,"href":"https:\/\/www.secvergnaud.com\/index.php\/wp-json\/wp\/v2\/weblex-importer-keyword?post=15012"}],"curies":[{"name":"wp","href":"https:\/\/api.w.org\/{rel}","templated":true}]}}