{"id":1452,"date":"2021-12-08T05:51:00","date_gmt":"2021-12-08T04:51:00","guid":{"rendered":"https:\/\/www.secvergnaud.com\/index.php\/les-infos-du-jour\/coronavirus-covid-19-des-nouveautes-concernant-la-duree-des-plans-dapurement\/"},"modified":"2021-12-08T05:51:00","modified_gmt":"2021-12-08T04:51:00","slug":"coronavirus-covid-19-des-nouveautes-concernant-la-duree-des-plans-dapurement","status":"publish","type":"weblex-importer-post","link":"https:\/\/www.secvergnaud.com\/index.php\/les-infos-du-jour\/coronavirus-covid-19-des-nouveautes-concernant-la-duree-des-plans-dapurement\/","title":{"rendered":"Coronavirus (COVID-19) : des nouveaut\u00e9s concernant la dur\u00e9e des plans d\u2019apurement"},"content":{"rendered":"<div>\n<h2> Plan d\u2019apurement : 3 ou 5 ans ?<\/h2>\n<p>Pour rappel, il \u00e9tait pr\u00e9vu que les plans d\u2019apurement des cotisations et contributions sociales accord\u00e9s par l\u2019Urssaf dans le cadre de la crise sanitaire ne pouvaient exc\u00e9der 3 ans.<\/p>\n<p>Toutefois, une exception \u00e9tait pr\u00e9vue pour les entreprises de Saint Martin et de Saint Barth\u00e9lemy qui b\u00e9n\u00e9ficiaient d\u00e9j\u00e0 d\u2019un plan d\u2019apurement et pour lesquels la dur\u00e9e du plan pouvait \u00eatre port\u00e9e \u00e0 5 ans.<\/p>\n<p>D\u00e9sormais, le Gouvernement ajoute \u00e0 la liste des personnes pouvant b\u00e9n\u00e9ficier de cette dur\u00e9e de 5 ans :<\/p>\n<ul>\n<li>les employeurs, les travailleurs ind\u00e9pendants et les travailleurs non-salari\u00e9s agricoles relevant des secteurs S1 et S1 bis ;<\/li>\n<li>les entreprises situ\u00e9es dans les d\u00e9partements et collectivit\u00e9s de la Guadeloupe, de la Guyane, de la Martinique, de Mayotte et de La R\u00e9union.<\/li>\n<\/ul>\n<p>Source : D\u00e9cret n\u00b0 2021-1579 du 6 d\u00e9cembre 2021 modifiant le d\u00e9cret n\u00b0 2021-316 du 25 mars 2021 relatif aux dispositifs de plans d&rsquo;apurement et de remises partielles des dettes de cotisations et contributions sociales constitu\u00e9es dans le cadre de la crise sanitaire<\/p>\n<p><a href=\"https:\/\/www.weblex.fr\/weblex-actualite\/coronavirus-covid-19-des-nouveautes-concernant-la-duree-des-plans-dapurement\" target=\"_blank\" rel=\"noopener\">Coronavirus (COVID-19) : des nouveaut\u00e9s concernant la dur\u00e9e des plans d\u2019apurement<\/a> \u00a9 Copyright WebLex &#8211; 2021<\/p>\n<\/div>\n","protected":false},"excerpt":{"rendered":"<p>Afin de faire face aux difficult\u00e9s de tr\u00e9sorerie des entreprises li\u00e9es \u00e0 la crise sanitaire, des plans d\u2019apurement des cotisations et contributions sociales ont pu \u00eatre accord\u00e9s par l\u2019Urssaf. Pour quelle dur\u00e9e ?<\/p>\n","protected":false},"featured_media":1453,"template":"","weblex-importer-activity":[],"weblex-importer-category":[62,65],"weblex-importer-tag":[61],"weblex-importer-keyword":[],"_links":{"self":[{"href":"https:\/\/www.secvergnaud.com\/index.php\/wp-json\/wp\/v2\/weblex-importer-post\/1452"}],"collection":[{"href":"https:\/\/www.secvergnaud.com\/index.php\/wp-json\/wp\/v2\/weblex-importer-post"}],"about":[{"href":"https:\/\/www.secvergnaud.com\/index.php\/wp-json\/wp\/v2\/types\/weblex-importer-post"}],"wp:featuredmedia":[{"embeddable":true,"href":"https:\/\/www.secvergnaud.com\/index.php\/wp-json\/wp\/v2\/media\/1453"}],"wp:attachment":[{"href":"https:\/\/www.secvergnaud.com\/index.php\/wp-json\/wp\/v2\/media?parent=1452"}],"wp:term":[{"taxonomy":"weblex-importer-activity","embeddable":true,"href":"https:\/\/www.secvergnaud.com\/index.php\/wp-json\/wp\/v2\/weblex-importer-activity?post=1452"},{"taxonomy":"weblex-importer-category","embeddable":true,"href":"https:\/\/www.secvergnaud.com\/index.php\/wp-json\/wp\/v2\/weblex-importer-category?post=1452"},{"taxonomy":"weblex-importer-tag","embeddable":true,"href":"https:\/\/www.secvergnaud.com\/index.php\/wp-json\/wp\/v2\/weblex-importer-tag?post=1452"},{"taxonomy":"weblex-importer-keyword","embeddable":true,"href":"https:\/\/www.secvergnaud.com\/index.php\/wp-json\/wp\/v2\/weblex-importer-keyword?post=1452"}],"curies":[{"name":"wp","href":"https:\/\/api.w.org\/{rel}","templated":true}]}}