{"id":1438,"date":"2021-12-10T05:49:00","date_gmt":"2021-12-10T04:49:00","guid":{"rendered":"https:\/\/www.secvergnaud.com\/index.php\/les-infos-du-jour\/coronavirus-covid-19-le-protocole-sanitaire-est-a-nouveau-retouche\/"},"modified":"2021-12-10T05:49:00","modified_gmt":"2021-12-10T04:49:00","slug":"coronavirus-covid-19-le-protocole-sanitaire-est-a-nouveau-retouche","status":"publish","type":"weblex-importer-post","link":"https:\/\/www.secvergnaud.com\/index.php\/les-infos-du-jour\/coronavirus-covid-19-le-protocole-sanitaire-est-a-nouveau-retouche\/","title":{"rendered":"Coronavirus (COVID-19) : le protocole sanitaire est \u00e0 nouveau retouch\u00e9"},"content":{"rendered":"<div>\n<h2> Renforcement des mesures sanitaires<\/h2>\n<p>Pour rappel, afin de lutter contre la propagation de la covid-19 en milieu professionnel, le gouvernement a annonc\u00e9 plusieurs recommandations, qui ont \u00e9t\u00e9 act\u00e9es dans le protocole sanitaire.<\/p>\n<ul>\n<li><strong> Concernant le t\u00e9l\u00e9travail : <\/strong><\/li>\n<\/ul>\n<p>Comme annonc\u00e9, les entreprises doivent cibler la mise en place de 2 \u00e0 3 jours de t\u00e9l\u00e9travail par semaine, sous r\u00e9serve des contraintes li\u00e9es \u00e0 l\u2019organisation du travail et \u00e0 la situation des salari\u00e9s.<\/p>\n<p>Les moments de convivialit\u00e9 qui \u00e9taient d\u00e9conseill\u00e9s sont d\u00e9sormais suspendus.<\/p>\n<p>Enfin, les r\u00e9unions en audio ou en visioconf\u00e9rence ne sont plus seulement conseill\u00e9es mais indiqu\u00e9es comme devant \u00eatre privil\u00e9gi\u00e9es.<\/p>\n<ul>\n<li><strong> Concernant les autres mesures : <\/strong><\/li>\n<\/ul>\n<p>Afin d\u2019assurer l\u2019a\u00e9ration naturelle des lieux, l\u2019ouverture des portes et fen\u00eatres qui ne peut \u00eatre faite de mani\u00e8re permanente, doit d\u00e9sormais se faire pendant 10 minutes toutes les heures, et non plus seulement pendant 5 minutes.<\/p>\n<p>En ce qui concerne les travailleurs en ext\u00e9rieur, le port du masque reste n\u00e9cessaire en cas de regroupement ou d\u2019incapacit\u00e9 \u00e0 respecter la distance de 2 m\u00e8tres entre les personnes. Le protocole ajoute que, d\u00e9sormais, il peut \u00e9galement \u00eatre impos\u00e9 par un arr\u00eat\u00e9 pr\u00e9fectoral.<\/p>\n<p>L\u2019autotest est r\u00e9tabli en ce qui concerne la validit\u00e9 d\u2019un pass sanitaire. Ainsi le pass sanitaire est constitu\u00e9 en cas de pr\u00e9sentation :<\/p>\n<ul>\n<li>d\u2019un r\u00e9sultat n\u00e9gatif d&rsquo;un examen de d\u00e9pistage RT-PCR, d\u2019un test antig\u00e9nique ou d\u2019un autotest r\u00e9alis\u00e9 sous la supervision d&rsquo;un professionnel de sant\u00e9 datant d\u2019au plus 24 heures ;<\/li>\n<li>d\u2019un justificatif de statut vaccinal complet concernant la covid-19 ;<\/li>\n<li>d\u2019un certificat de r\u00e9tablissement \u00e0 la suite d&rsquo;une contamination par la covid-19.<\/li>\n<\/ul>\n<p>Enfin, pour les cas contact \u00e9valu\u00e9s \u00ab \u00e0 risque \u00bb la quarantaine n\u2019est plus mentionn\u00e9e dans le protocole, d\u00e8s lors que la Covid est confirm\u00e9e pour la personne de leur entourage. Le protocole mentionne d\u00e9sormais, seulement la prise en charge de ces personnes par les acteurs de niveaux 1 et 2 du \u00ab contact-tracing \u00bb.<\/p>\n<p>De plus, le protocole pr\u00e9cise le sort des cas contact \u00e0 risque mod\u00e9r\u00e9, pour qui la quarantaine n\u2019est pas requise. Pour ces derniers, le t\u00e9l\u00e9travail doit \u00eatre privil\u00e9gi\u00e9.<\/p>\n<p>Source : Site du Minist\u00e8re du travail, Protocole national pour assurer la sant\u00e9 et la s\u00e9curit\u00e9 des salari\u00e9s en entreprise face \u00e0 l\u2019\u00e9pid\u00e9mie de COVID-19, version applicable au 29 novembre 2021<\/p>\n<p><a title=\"WebLex - Coronavirus (COVID-19) : le protocole sanitaire est \u00e0 nouveau retouch\u00e9\" href=\"https:\/\/www.weblex.fr\/weblex-actualite\/coronavirus-covid-19-le-protocole-sanitaire-est-a-nouveau-retouche\" target=\"_blank\" rel=\"noopener\">Coronavirus (COVID-19) : le protocole sanitaire est \u00e0 nouveau retouch\u00e9<\/a> \u00a9 Copyright WebLex &#8211; 2021<\/p>\n<\/div>\n","protected":false},"excerpt":{"rendered":"<p>Depuis sa mise en place lors du 1er confinement, le protocole sanitaire national a r\u00e9guli\u00e8rement \u00e9t\u00e9 mis \u00e0 jour pour tenir compte des \u00e9volutions de la crise sanitaire. La derni\u00e8re mise \u00e0 jour du 8 d\u00e9cembre 2021 tient compte de la reprise \u00e9pid\u00e9mique. Comment ?<\/p>\n","protected":false},"featured_media":1439,"template":"","weblex-importer-activity":[],"weblex-importer-category":[62,65],"weblex-importer-tag":[61],"weblex-importer-keyword":[],"_links":{"self":[{"href":"https:\/\/www.secvergnaud.com\/index.php\/wp-json\/wp\/v2\/weblex-importer-post\/1438"}],"collection":[{"href":"https:\/\/www.secvergnaud.com\/index.php\/wp-json\/wp\/v2\/weblex-importer-post"}],"about":[{"href":"https:\/\/www.secvergnaud.com\/index.php\/wp-json\/wp\/v2\/types\/weblex-importer-post"}],"wp:featuredmedia":[{"embeddable":true,"href":"https:\/\/www.secvergnaud.com\/index.php\/wp-json\/wp\/v2\/media\/1439"}],"wp:attachment":[{"href":"https:\/\/www.secvergnaud.com\/index.php\/wp-json\/wp\/v2\/media?parent=1438"}],"wp:term":[{"taxonomy":"weblex-importer-activity","embeddable":true,"href":"https:\/\/www.secvergnaud.com\/index.php\/wp-json\/wp\/v2\/weblex-importer-activity?post=1438"},{"taxonomy":"weblex-importer-category","embeddable":true,"href":"https:\/\/www.secvergnaud.com\/index.php\/wp-json\/wp\/v2\/weblex-importer-category?post=1438"},{"taxonomy":"weblex-importer-tag","embeddable":true,"href":"https:\/\/www.secvergnaud.com\/index.php\/wp-json\/wp\/v2\/weblex-importer-tag?post=1438"},{"taxonomy":"weblex-importer-keyword","embeddable":true,"href":"https:\/\/www.secvergnaud.com\/index.php\/wp-json\/wp\/v2\/weblex-importer-keyword?post=1438"}],"curies":[{"name":"wp","href":"https:\/\/api.w.org\/{rel}","templated":true}]}}