{"id":1394,"date":"2021-12-16T05:49:00","date_gmt":"2021-12-16T04:49:00","guid":{"rendered":"https:\/\/www.secvergnaud.com\/index.php\/les-infos-du-jour\/coronavirus-covid-19-prolongation-du-fonds-de-solidarite\/"},"modified":"2021-12-16T05:49:00","modified_gmt":"2021-12-16T04:49:00","slug":"coronavirus-covid-19-prolongation-du-fonds-de-solidarite","status":"publish","type":"weblex-importer-post","link":"https:\/\/www.secvergnaud.com\/index.php\/les-infos-du-jour\/coronavirus-covid-19-prolongation-du-fonds-de-solidarite\/","title":{"rendered":"Coronavirus (COVID-19) : prolongation du Fonds de solidarit\u00e9 !"},"content":{"rendered":"<div>\n<h2> Coronavirus (COVID-19) : le Fonds de solidarit\u00e9 est prolong\u00e9\u2026<\/h2>\n<p>Pour m\u00e9moire, le Fonds de solidarit\u00e9 verse une aide mensuelle aux entreprises mises en difficult\u00e9 par la crise sanitaire et \u00e9conomique li\u00e9e \u00e0 l\u2019\u00e9pid\u00e9mie de Covid-19.<\/p>\n<p>R\u00e9cemment, les conditions d\u2019acc\u00e8s \u00e0 l\u2019aide vers\u00e9e au titre du mois d\u2019octobre 2021 ont \u00e9t\u00e9 pr\u00e9cis\u00e9es. Les demandes relatives \u00e0 cette aide doivent \u00eatre d\u00e9pos\u00e9es aupr\u00e8s de la DGFIP jusqu\u2019\u00e0 31 janvier 2022.<\/p>\n<p>Pour permettre \u00e0 celles-ci d\u2019\u00eatre instruites et trait\u00e9es, la dur\u00e9e d\u2019intervention du Fonds de solidarit\u00e9 est prolong\u00e9e jusqu\u2019au 31 d\u00e9cembre 2021 (contre le 15 d\u00e9cembre 2021 pr\u00e9c\u00e9demment).<\/p>\n<p>Source : D\u00e9cret n\u00b0 2021-1653 du 15 d\u00e9cembre 2021 relatif \u00e0 la prolongation jusqu&rsquo;au 31 d\u00e9cembre 2021 du fonds de solidarit\u00e9 \u00e0 destination des entreprises particuli\u00e8rement touch\u00e9es par les cons\u00e9quences de l&rsquo;\u00e9pid\u00e9mie de covid-19 et des mesures prises pour limiter cette propagation<\/p>\n<p><a title=\"WebLex - Coronavirus (COVID-19) : prolongation du Fonds de solidarit\u00e9 !\" href=\"https:\/\/www.weblex.fr\/weblex-actualite\/coronavirus-covid-19-prolongation-du-fonds-de-solidarite\">Coronavirus (COVID-19) : prolongation du Fonds de solidarit\u00e9 !<\/a> \u00a9 Copyright WebLex &#8211; 2021<\/p>\n<\/div>\n","protected":false},"excerpt":{"rendered":"<p>L\u2019\u00e9volution de la situation sanitaire rend n\u00e9cessaire la prolongation de l\u2019intervention du Fonds de solidarit\u00e9. Jusqu\u2019\u00e0 quand ?<\/p>\n","protected":false},"featured_media":1395,"template":"","weblex-importer-activity":[],"weblex-importer-category":[62,63],"weblex-importer-tag":[61],"weblex-importer-keyword":[],"_links":{"self":[{"href":"https:\/\/www.secvergnaud.com\/index.php\/wp-json\/wp\/v2\/weblex-importer-post\/1394"}],"collection":[{"href":"https:\/\/www.secvergnaud.com\/index.php\/wp-json\/wp\/v2\/weblex-importer-post"}],"about":[{"href":"https:\/\/www.secvergnaud.com\/index.php\/wp-json\/wp\/v2\/types\/weblex-importer-post"}],"wp:featuredmedia":[{"embeddable":true,"href":"https:\/\/www.secvergnaud.com\/index.php\/wp-json\/wp\/v2\/media\/1395"}],"wp:attachment":[{"href":"https:\/\/www.secvergnaud.com\/index.php\/wp-json\/wp\/v2\/media?parent=1394"}],"wp:term":[{"taxonomy":"weblex-importer-activity","embeddable":true,"href":"https:\/\/www.secvergnaud.com\/index.php\/wp-json\/wp\/v2\/weblex-importer-activity?post=1394"},{"taxonomy":"weblex-importer-category","embeddable":true,"href":"https:\/\/www.secvergnaud.com\/index.php\/wp-json\/wp\/v2\/weblex-importer-category?post=1394"},{"taxonomy":"weblex-importer-tag","embeddable":true,"href":"https:\/\/www.secvergnaud.com\/index.php\/wp-json\/wp\/v2\/weblex-importer-tag?post=1394"},{"taxonomy":"weblex-importer-keyword","embeddable":true,"href":"https:\/\/www.secvergnaud.com\/index.php\/wp-json\/wp\/v2\/weblex-importer-keyword?post=1394"}],"curies":[{"name":"wp","href":"https:\/\/api.w.org\/{rel}","templated":true}]}}