{"id":1302,"date":"2022-01-11T05:56:00","date_gmt":"2022-01-11T04:56:00","guid":{"rendered":"https:\/\/www.secvergnaud.com\/index.php\/les-infos-du-jour\/indemnites-journalieres-des-travailleurs-independants-de-nouvelles-evolutions\/"},"modified":"2022-01-11T05:56:00","modified_gmt":"2022-01-11T04:56:00","slug":"indemnites-journalieres-des-travailleurs-independants-de-nouvelles-evolutions","status":"publish","type":"weblex-importer-post","link":"https:\/\/www.secvergnaud.com\/index.php\/les-infos-du-jour\/indemnites-journalieres-des-travailleurs-independants-de-nouvelles-evolutions\/","title":{"rendered":"Indemnit\u00e9s journali\u00e8res des travailleurs ind\u00e9pendants : de nouvelles \u00e9volutions !"},"content":{"rendered":"<div>\n<h2> Une meilleure indemnisation des travailleurs ind\u00e9pendants dans certaines situations<\/h2>\n<ul>\n<li><strong> En cas de reprise d\u2019activit\u00e9<\/strong><\/li>\n<\/ul>\n<p>Jusqu\u2019\u00e0 maintenant, le maintien exceptionnel des indemnit\u00e9s journali\u00e8res (IJ) maladie\/maternit\u00e9 pendant 12 mois, n\u2019\u00e9tait pas applicable au travailleur exer\u00e7ant une nouvelle activit\u00e9 professionnelle ind\u00e9pendante lui permettant de remplir les conditions d\u2019ouverture de droits \u00e0 de nouvelles IJ et ce, m\u00eame si les modalit\u00e9s de calcul applicable le conduisaient \u00e0 percevoir une IJ minimale en cas de maternit\u00e9, ou nulle en cas de maladie.<\/p>\n<p>Il est d\u00e9sormais pr\u00e9vu, en cas de reprise d\u2019une activit\u00e9 ind\u00e9pendante, que le maintien des droits aux :<\/p>\n<ul>\n<li>IJ maladie soit applicable pour les travailleurs ind\u00e9pendants, m\u00eame lorsque le calcul des prestations indique une indemnit\u00e9 nulle ;<\/li>\n<li>IJ maternit\u00e9 soit applicable m\u00eame si les modalit\u00e9s de calcul des IJ forfaitaires, au titre de l\u2019ancienne activit\u00e9, donnent un montant d\u2019IJ minimale.<\/li>\n<\/ul>\n<p>Cette nouveaut\u00e9 concerne les arr\u00eats de travail qui ont commenc\u00e9 \u00e0 compter du 1er janvier 2020. Pour les travailleuses ind\u00e9pendantes, qui ont commenc\u00e9 leur activit\u00e9 \u00e0 compter du 1er janvier 2019, cela concernera les p\u00e9riodes de versement des IJ maternit\u00e9 qui ont commenc\u00e9 \u00e0 compter du 1er novembre 2019.<\/p>\n<ul>\n<li><strong> En cas de cumul emploi-retraite<\/strong><\/li>\n<\/ul>\n<p>Pour les arr\u00eats de travail qui ont d\u00e9but\u00e9 \u00e0 compter du 1er janvier 2022, les retrait\u00e9s d&rsquo;une activit\u00e9 ind\u00e9pendante qui b\u00e9n\u00e9ficient du syst\u00e8me cumul emploi-retraite pourront percevoir des IJ maladie au titre de l&rsquo;activit\u00e9 ind\u00e9pendante.<\/p>\n<p>Source : Loi de financement de la S\u00e9curit\u00e9 sociale pour 2022 du 23 d\u00e9cembre 2021, n\u00b02021-1754 (art 96)<\/p>\n<p><a href=\"https:\/\/www.weblex.fr\/weblex-actualite\/indemnites-journalieres-des-travailleurs-independants-de-nouvelles-evolutions\" target=\"_blank\" rel=\"noopener\">Indemnit\u00e9s journali\u00e8res des travailleurs ind\u00e9pendants : de nouvelles \u00e9volutions !<\/a> \u00a9 Copyright WebLex &#8211; 2022<\/p>\n<\/div>\n","protected":false},"excerpt":{"rendered":"<p>Le calcul des indemnit\u00e9s journali\u00e8res dont peuvent b\u00e9n\u00e9ficier les travailleurs \u00ab nouvellement ind\u00e9pendants \u00bb peut leur \u00eatre d\u00e9favorable en fonction de leur situation ant\u00e9rieure et conduire, parfois, \u00e0 une absence d\u2019indemnisation en cas de maladie ou de maternit\u00e9. Ce dispositif vient d\u2019\u00eatre revu\u2026 et corrig\u00e9\u2026<\/p>\n","protected":false},"featured_media":1303,"template":"","weblex-importer-activity":[],"weblex-importer-category":[62,64],"weblex-importer-tag":[61],"weblex-importer-keyword":[],"_links":{"self":[{"href":"https:\/\/www.secvergnaud.com\/index.php\/wp-json\/wp\/v2\/weblex-importer-post\/1302"}],"collection":[{"href":"https:\/\/www.secvergnaud.com\/index.php\/wp-json\/wp\/v2\/weblex-importer-post"}],"about":[{"href":"https:\/\/www.secvergnaud.com\/index.php\/wp-json\/wp\/v2\/types\/weblex-importer-post"}],"wp:featuredmedia":[{"embeddable":true,"href":"https:\/\/www.secvergnaud.com\/index.php\/wp-json\/wp\/v2\/media\/1303"}],"wp:attachment":[{"href":"https:\/\/www.secvergnaud.com\/index.php\/wp-json\/wp\/v2\/media?parent=1302"}],"wp:term":[{"taxonomy":"weblex-importer-activity","embeddable":true,"href":"https:\/\/www.secvergnaud.com\/index.php\/wp-json\/wp\/v2\/weblex-importer-activity?post=1302"},{"taxonomy":"weblex-importer-category","embeddable":true,"href":"https:\/\/www.secvergnaud.com\/index.php\/wp-json\/wp\/v2\/weblex-importer-category?post=1302"},{"taxonomy":"weblex-importer-tag","embeddable":true,"href":"https:\/\/www.secvergnaud.com\/index.php\/wp-json\/wp\/v2\/weblex-importer-tag?post=1302"},{"taxonomy":"weblex-importer-keyword","embeddable":true,"href":"https:\/\/www.secvergnaud.com\/index.php\/wp-json\/wp\/v2\/weblex-importer-keyword?post=1302"}],"curies":[{"name":"wp","href":"https:\/\/api.w.org\/{rel}","templated":true}]}}