{"id":1300,"date":"2022-01-12T05:45:00","date_gmt":"2022-01-12T04:45:00","guid":{"rendered":"https:\/\/www.secvergnaud.com\/index.php\/les-infos-du-jour\/coronavirus-covid-19-bas-les-masques-en-exterieur\/"},"modified":"2022-01-12T05:45:00","modified_gmt":"2022-01-12T04:45:00","slug":"coronavirus-covid-19-bas-les-masques-en-exterieur","status":"publish","type":"weblex-importer-post","link":"https:\/\/www.secvergnaud.com\/index.php\/les-infos-du-jour\/coronavirus-covid-19-bas-les-masques-en-exterieur\/","title":{"rendered":"Coronavirus (COVID-19) : bas les masques en ext\u00e9rieur ?"},"content":{"rendered":"<div>\n<h2>Coronavirus (COVID-19) : un port du masque en ext\u00e9rieur sous conditions<\/h2>\n<p>Le juge vient de se prononcer sur la l\u00e9galit\u00e9 de l\u2019imposition du port du masque en ext\u00e9rieur.<\/p>\n<p>Selon lui, cette obligation est tout \u00e0 fait l\u00e9gale, sous r\u00e9serve que :<\/p>\n<ul>\n<li>le port du masque soit limit\u00e9 aux lieux et aux heures de forte circulation de population quand la distanciation physique n\u2019est pas possible, tels que les march\u00e9s, les rassemblements sur la voie publique ou les centres-villes commer\u00e7ants ;<\/li>\n<li>la situation \u00e9pid\u00e9miologique locale le justifie.<\/li>\n<\/ul>\n<p>Il pr\u00e9cise tout de m\u00eame que le pr\u00e9fet peut d\u00e9limiter des zones suffisamment larges pour que la r\u00e8gle soit compr\u00e9hensible et son application coh\u00e9rente.<\/p>\n<p>Source : Arr\u00eat du Conseil d\u2019Etat du 11 janvier 2022, n\u00b0 460002<\/p>\n<p><a href=\"https:\/\/www.weblex.fr\/weblex-actualite\/coronavirus-covid-19-bas-les-masques-en-exterieur\" target=\"_blank\" rel=\"noopener\">Coronavirus (COVID-19) : bas les masques en ext\u00e9rieur ?<\/a> \u00a9 Copyright WebLex &#8211; 2022<\/p>\n<\/div>\n","protected":false},"excerpt":{"rendered":"<p>Le port du masque est \u00e0 nouveau obligatoire dans de nombreux endroits en ext\u00e9rieur. Mais qu\u2019en pense le juge ?<\/p>\n","protected":false},"featured_media":1301,"template":"","weblex-importer-activity":[],"weblex-importer-category":[62,63],"weblex-importer-tag":[61],"weblex-importer-keyword":[],"_links":{"self":[{"href":"https:\/\/www.secvergnaud.com\/index.php\/wp-json\/wp\/v2\/weblex-importer-post\/1300"}],"collection":[{"href":"https:\/\/www.secvergnaud.com\/index.php\/wp-json\/wp\/v2\/weblex-importer-post"}],"about":[{"href":"https:\/\/www.secvergnaud.com\/index.php\/wp-json\/wp\/v2\/types\/weblex-importer-post"}],"wp:featuredmedia":[{"embeddable":true,"href":"https:\/\/www.secvergnaud.com\/index.php\/wp-json\/wp\/v2\/media\/1301"}],"wp:attachment":[{"href":"https:\/\/www.secvergnaud.com\/index.php\/wp-json\/wp\/v2\/media?parent=1300"}],"wp:term":[{"taxonomy":"weblex-importer-activity","embeddable":true,"href":"https:\/\/www.secvergnaud.com\/index.php\/wp-json\/wp\/v2\/weblex-importer-activity?post=1300"},{"taxonomy":"weblex-importer-category","embeddable":true,"href":"https:\/\/www.secvergnaud.com\/index.php\/wp-json\/wp\/v2\/weblex-importer-category?post=1300"},{"taxonomy":"weblex-importer-tag","embeddable":true,"href":"https:\/\/www.secvergnaud.com\/index.php\/wp-json\/wp\/v2\/weblex-importer-tag?post=1300"},{"taxonomy":"weblex-importer-keyword","embeddable":true,"href":"https:\/\/www.secvergnaud.com\/index.php\/wp-json\/wp\/v2\/weblex-importer-keyword?post=1300"}],"curies":[{"name":"wp","href":"https:\/\/api.w.org\/{rel}","templated":true}]}}