{"id":124041,"date":"2026-09-03T00:00:00","date_gmt":"2026-09-02T22:00:00","guid":{"rendered":"https:\/\/www.secvergnaud.com\/index.php\/les-infos-du-jour\/credit-dimpot-recherche-meme-pour-les-entreprises-unipersonnelles\/"},"modified":"2026-09-03T00:00:00","modified_gmt":"2026-09-02T22:00:00","slug":"credit-dimpot-recherche-meme-pour-les-entreprises-unipersonnelles","status":"publish","type":"weblex-importer-post","link":"https:\/\/www.secvergnaud.com\/index.php\/les-infos-du-jour\/credit-dimpot-recherche-meme-pour-les-entreprises-unipersonnelles\/","title":{"rendered":"Cr\u00e9dit d\u2019imp\u00f4t recherche : m\u00eame pour les entreprises unipersonnelles ?"},"content":{"rendered":"<p>Les entreprises unipersonnelles labellis\u00e9es \u00ab entreprises du patrimoine vivant \u00bb (EPV), qui ne disposent pas n\u00e9cessairement de salari\u00e9s, peuvent-elles b\u00e9n\u00e9ficier du cr\u00e9dit d\u2019imp\u00f4t recherche (CIR) lorsque leur dirigeant exerce lui-m\u00eame une activit\u00e9 de recherche et d\u2019innovation ? Une interrogation \u00e0 laquelle le Gouvernement vient de r\u00e9pondre\u2026<\/p>\n<h2>Entreprise unipersonnelle : pas de salari\u00e9, pas de CIR ?<\/h2>\n<p>Les entreprises titulaires du label \u00ab entreprise du patrimoine vivant \u00bb (EPV), qui distingue les entreprises fran\u00e7aises aux savoir-faire artisanaux et industriels d\u2019excellence, peuvent, toutes conditions remplies, b\u00e9n\u00e9ficier du cr\u00e9dit d\u2019imp\u00f4t en faveur des m\u00e9tiers d\u2019art (CIMA).<\/p>\n<p>Pour les entreprises labellis\u00e9es EPV, cet avantage fiscal est \u00e9gal \u00e0 15 % de certaines d\u00e9penses \u00e9ligibles, parmi lesquelles figurent notamment les salaires et charges sociales aff\u00e9rents aux salari\u00e9s directement affect\u00e9s \u00e0 la cr\u00e9ation d\u2019ouvrages r\u00e9alis\u00e9s en un seul exemplaire ou en petite s\u00e9rie ou \u00e0 la restauration du patrimoine.<\/p>\n<p>Mais qu\u2019en est-il d\u2019une entreprise unipersonnelle qui ne dispose d\u2019aucun salari\u00e9 et dont le dirigeant r\u00e9alise lui-m\u00eame des travaux de recherche et d\u2019innovation ?<\/p>\n<p>C\u2019est pr\u00e9cis\u00e9ment la question soulev\u00e9e par une d\u00e9put\u00e9e, qui rel\u00e8ve que certains dirigeants uniques, notamment titulaires d\u2019un doctorat en sciences et \u00e0 la t\u00eate d\u2019une entreprise labellis\u00e9e EPV, peuvent d\u00e9velopper des activit\u00e9s de recherche et d\u2019innovation de haut niveau sans disposer de masse salariale.<\/p>\n<p>Une situation qui l\u2019am\u00e8ne \u00e0 demander au Gouvernement s\u2019il envisage de faire \u00e9voluer les conditions d\u2019attribution du cr\u00e9dit d\u2019imp\u00f4t recherche (CIR) afin que ces structures puissent en b\u00e9n\u00e9ficier. Une \u00e9volution qui n\u2019est pas n\u00e9cessaire, r\u00e9pond en substance le Gouvernement : les entreprises unipersonnelles ne sont pas exclues du CIR.<\/p>\n<h3>Cr\u00e9dit d\u2019imp\u00f4t recherche : la forme juridique de l\u2019entreprise est sans incidence<\/h3>\n<p>Pour rappel, le CIR est ouvert, toutes conditions remplies, aux entreprises industrielles, commerciales ou agricoles impos\u00e9es d\u2019apr\u00e8s leur b\u00e9n\u00e9fice r\u00e9el ou b\u00e9n\u00e9ficiant de certaines exon\u00e9rations fiscales.<\/p>\n<p>Et le Gouvernement le rappelle que la taille, le secteur d\u2019activit\u00e9 ou encore la forme juridique de l\u2019entreprise sont sans incidence sur son \u00e9ligibilit\u00e9 au dispositif.<\/p>\n<p>Une entreprise unipersonnelle, y compris lorsqu\u2019elle est labellis\u00e9e EPV, peut donc b\u00e9n\u00e9ficier du CIR d\u00e8s lors qu\u2019elle r\u00e9alise effectivement des activit\u00e9s de recherche \u00e9ligibles.<\/p>\n<p>Celles-ci doivent correspondre \u00e0 des op\u00e9rations de recherche fondamentale, de recherche appliqu\u00e9e ou de d\u00e9veloppement exp\u00e9rimental et r\u00e9pondre aux 5 crit\u00e8res cumulatifs issus du manuel de Frascati de l\u2019Organisation de coop\u00e9ration et de d\u00e9veloppement \u00e9conomiques (OCDE), \u00e0 savoir la nouveaut\u00e9, la cr\u00e9ativit\u00e9, l\u2019incertitude, la syst\u00e9maticit\u00e9 et la transf\u00e9rabilit\u00e9 ou la reproductibilit\u00e9.<\/p>\n<p>L\u2019absence de salari\u00e9s ne suffit donc pas, \u00e0 elle seule, \u00e0 exclure une entreprise du b\u00e9n\u00e9fice du CIR. C\u2019est avant tout la nature des op\u00e9rations de recherche r\u00e9alis\u00e9es et des d\u00e9penses engag\u00e9es qui doit \u00eatre examin\u00e9e au regard des conditions propres au dispositif.<\/p>\n<h3>Cr\u00e9dit d\u2019imp\u00f4t recherche et cr\u00e9dit d\u2019imp\u00f4t m\u00e9tiers d\u2019art : un cumul possible ?<\/h3>\n<p>Le Gouvernement rappelle, par ailleurs, qu\u2019une entreprise unipersonnelle labellis\u00e9e EPV peut \u00e9galement pr\u00e9tendre au CIMA, au taux de 15 %, d\u00e8s lors qu\u2019elle remplit les conditions requises.<\/p>\n<p>Ce dispositif, actuellement applicable jusqu\u2019au 31 d\u00e9cembre 2026, vise \u00e0 soutenir certaines entreprises du secteur artisanal et patrimonial au titre de leurs d\u00e9penses li\u00e9es \u00e0 la cr\u00e9ation et \u00e0 la restauration d\u2019ouvrages r\u00e9alis\u00e9s en petite s\u00e9rie ou sur mesure.<\/p>\n<p>Une entreprise peut donc, si elle remplit les conditions propres \u00e0 chacun des dispositifs, b\u00e9n\u00e9ficier \u00e0 la fois du CIR et du CIMA.<\/p>\n<p>Attention toutefois : une m\u00eame d\u00e9pense ne peut pas servir au calcul des 2 cr\u00e9dits d\u2019imp\u00f4t.<\/p>\n<p>L\u2019entreprise susceptible de b\u00e9n\u00e9ficier \u00e0 la fois du CIR et du CIMA doit donc veiller \u00e0 r\u00e9partir correctement ses d\u00e9penses \u00e9ligibles : chacune ne pourra \u00eatre prise en compte qu\u2019une seule fois, soit pour le calcul du CIR, soit pour celui du CIMA.<\/p>\n<div>Sources :  <\/p>\n<ul>\n<li><a href=\"https:\/\/www.assemblee-nationale.fr\/dyn\/17\/questions\/QANR5L17QE13427\" target=\"_blank\" rel=\"noopener\">R\u00e9ponse minist\u00e9rielle Pantel, Assembl\u00e9e nationale, du 7 juillet 2026, no 13427 : \u00ab Attribution du CIR aux entreprises labellis\u00e9es EPV \u00bb<\/a><\/li>\n<\/ul>\n<\/div>\n<p><a href=\"https:\/\/www.weblex.fr\/weblex-actualite\/credit-d-impot-recherche-meme-pour-les-entreprises-unipersonnelles\" target=\"_blank\" rel=\"noopener\">Cr\u00e9dit d\u2019imp\u00f4t recherche : m\u00eame pour les entreprises unipersonnelles ?<\/a> &#8211; \u00a9 Copyright WebLex<\/p>\n<p><img src=\"https:\/\/www.weblex.fr\/sites\/default\/files\/actualites\/images\/shutterstock_CIRentreprise.jpg\"><\/p>\n","protected":false},"excerpt":{"rendered":"<p>Les entreprises unipersonnelles labellis\u00e9es \u00ab entreprises du patrimoine vivant \u00bb (EPV), qui ne disposent pas n\u00e9cessairement de salari\u00e9s, peuvent-elles b\u00e9n\u00e9ficier du cr\u00e9dit d\u2019imp\u00f4t recherche (CIR) lorsque leur dirigeant exerce lui-m\u00eame une activit\u00e9 de recherche et d\u2019innovation ? Une interrogation \u00e0 laquelle le Gouvernement vient de r\u00e9pondre\u2026<\/p>\n","protected":false},"featured_media":124042,"template":"","weblex-importer-activity":[],"weblex-importer-category":[62,66],"weblex-importer-tag":[198],"weblex-importer-keyword":[],"_links":{"self":[{"href":"https:\/\/www.secvergnaud.com\/index.php\/wp-json\/wp\/v2\/weblex-importer-post\/124041"}],"collection":[{"href":"https:\/\/www.secvergnaud.com\/index.php\/wp-json\/wp\/v2\/weblex-importer-post"}],"about":[{"href":"https:\/\/www.secvergnaud.com\/index.php\/wp-json\/wp\/v2\/types\/weblex-importer-post"}],"wp:featuredmedia":[{"embeddable":true,"href":"https:\/\/www.secvergnaud.com\/index.php\/wp-json\/wp\/v2\/media\/124042"}],"wp:attachment":[{"href":"https:\/\/www.secvergnaud.com\/index.php\/wp-json\/wp\/v2\/media?parent=124041"}],"wp:term":[{"taxonomy":"weblex-importer-activity","embeddable":true,"href":"https:\/\/www.secvergnaud.com\/index.php\/wp-json\/wp\/v2\/weblex-importer-activity?post=124041"},{"taxonomy":"weblex-importer-category","embeddable":true,"href":"https:\/\/www.secvergnaud.com\/index.php\/wp-json\/wp\/v2\/weblex-importer-category?post=124041"},{"taxonomy":"weblex-importer-tag","embeddable":true,"href":"https:\/\/www.secvergnaud.com\/index.php\/wp-json\/wp\/v2\/weblex-importer-tag?post=124041"},{"taxonomy":"weblex-importer-keyword","embeddable":true,"href":"https:\/\/www.secvergnaud.com\/index.php\/wp-json\/wp\/v2\/weblex-importer-keyword?post=124041"}],"curies":[{"name":"wp","href":"https:\/\/api.w.org\/{rel}","templated":true}]}}