{"id":123989,"date":"2026-09-01T00:00:00","date_gmt":"2026-08-31T22:00:00","guid":{"rendered":"https:\/\/www.secvergnaud.com\/index.php\/les-infos-du-jour\/credit-dimpot-industrie-verte-les-nouveautes-2026-deviennent-effectives\/"},"modified":"2026-09-01T00:00:00","modified_gmt":"2026-08-31T22:00:00","slug":"credit-dimpot-industrie-verte-les-nouveautes-2026-deviennent-effectives","status":"publish","type":"weblex-importer-post","link":"https:\/\/www.secvergnaud.com\/index.php\/les-infos-du-jour\/credit-dimpot-industrie-verte-les-nouveautes-2026-deviennent-effectives\/","title":{"rendered":"Cr\u00e9dit d\u2019imp\u00f4t industrie verte : les nouveaut\u00e9s 2026 deviennent effectives"},"content":{"rendered":"<p>La loi de finances pour 2026 a prorog\u00e9 et am\u00e9nag\u00e9 le cr\u00e9dit d\u2019imp\u00f4t au titre des investissements dans l\u2019industrie verte (C3IV). L\u2019entr\u00e9e en vigueur de ces nouveaut\u00e9s restait toutefois suspendue \u00e0 validation. C\u2019est d\u00e9sormais chose faite\u2026<\/p>\n<h2>C3IV : une entr\u00e9e en vigueur fix\u00e9e au 27 mai 2026<\/h2>\n<p>Pour rappel, le cr\u00e9dit d\u2019imp\u00f4t au titre des investissements dans l\u2019industrie verte (C3IV) b\u00e9n\u00e9ficie, toutes conditions remplies, aux entreprises industrielles et commerciales qui r\u00e9alisent certains investissements contribuant \u00e0 la production de batteries, de panneaux solaires, d\u2019\u00e9oliennes ou de pompes \u00e0 chaleur.<\/p>\n<p>La loi de finances pour 2026 a apport\u00e9 plusieurs modifications \u00e0 ce dispositif. Elle a notamment :<\/p>\n<ul>\n<li>$prorog\u00e9 le C3IV jusqu\u2019au 31 d\u00e9cembre 2028 ;<\/li>\n<li>modifi\u00e9 le p\u00e9rim\u00e8tre de certaines activit\u00e9s \u00e9ligibles ;<\/li>\n<li>pr\u00e9vu que la demande d\u2019agr\u00e9ment doit \u00eatre d\u00e9pos\u00e9e avant le d\u00e9but des travaux ;<\/li>\n<li>supprim\u00e9 l\u2019obligation de d\u00e9duire de l\u2019assiette du cr\u00e9dit d\u2019imp\u00f4t les aides publiques re\u00e7ues au titre des d\u00e9penses \u00e9ligibles ;<\/li>\n<li>ramen\u00e9 le taux de droit commun du cr\u00e9dit d\u2019imp\u00f4t de 20 % \u00e0 15 %, tout en maintenant des taux major\u00e9s pour certains investissements r\u00e9alis\u00e9s dans des zones b\u00e9n\u00e9ficiant d\u2019aides \u00e0 finalit\u00e9 r\u00e9gionale et pour les PME ;<\/li>\n<li>am\u00e9nag\u00e9 les plafonds du cr\u00e9dit d\u2019imp\u00f4t ;<\/li>\n<li>pr\u00e9cis\u00e9 les conditions dans lesquelles le C3IV peut \u00eatre cumul\u00e9 avec d\u2019autres aides publiques, le soutien public total ne pouvant, en principe, exc\u00e9der 75 % des co\u00fbts admissibles.<\/li>\n<\/ul>\n<p>L\u2019entr\u00e9e en vigueur de ces am\u00e9nagements \u00e9tait toutefois conditionn\u00e9e \u00e0 leur validation au regard du droit de l\u2019Union europ\u00e9enne relatif aux aides d\u2019\u00c9tat.<\/p>\n<p>La Commission europ\u00e9enne ayant confirm\u00e9 leur conformit\u00e9, la date d\u2019entr\u00e9e en vigueur des dispositions pr\u00e9vues par la loi de finances pour 2026 vient d\u2019\u00eatre fix\u00e9e au 27 mai 2026.<\/p>\n<p>Pour m\u00e9moire, ces am\u00e9nagements sont susceptibles de concerner les demandes d\u2019agr\u00e9ment d\u00e9pos\u00e9es \u00e0 compter du 1er octobre 2025 pour lesquelles aucun agr\u00e9ment n\u2019avait encore \u00e9t\u00e9 d\u00e9livr\u00e9 au 31 d\u00e9cembre 2025.<\/p>\n<h3>Agr\u00e9ment C3IV : comment appr\u00e9cier l\u2019int\u00e9r\u00eat \u00e9conomique du projet ?<\/h3>\n<p>Des pr\u00e9cisions sont \u00e9galement apport\u00e9es sur la proc\u00e9dure d\u2019agr\u00e9ment pr\u00e9alable \u00e0 laquelle est subordonn\u00e9 le b\u00e9n\u00e9fice du C3IV.<\/p>\n<p>Dans ce cadre, l\u2019avis conforme du ministre charg\u00e9 de l\u2019\u00e9conomie doit d\u00e9sormais attester de l\u2019int\u00e9r\u00eat \u00e9conomique du projet d\u2019investissement, appr\u00e9ci\u00e9 \u00e0 partir des \u00e9l\u00e9ments transmis par l\u2019entreprise \u00e0 l\u2019appui de sa demande d\u2019agr\u00e9ment.<\/p>\n<p>Concr\u00e8tement, 4 crit\u00e8res doivent \u00eatre pris en compte.<\/p>\n<p>Le 1er crit\u00e8re concerne la r\u00e9silience de la strat\u00e9gie d\u2019approvisionnement : il s\u2019agit notamment de v\u00e9rifier que le projet ne d\u00e9pend pas d\u2019un nombre limit\u00e9 de fournisseurs \u00e9tablis dans un \u00c9tat situ\u00e9 hors de l\u2019Union europ\u00e9enne et que l\u2019entreprise met en \u0153uvre des efforts de diversification et de s\u00e9curisation de ses approvisionnements \u00e0 long terme.<\/p>\n<p>La 2e crit\u00e8re porte sur la capacit\u00e9 du projet \u00e0 alimenter les fili\u00e8res soutenues par le C3IV : le projet doit ainsi pouvoir s\u2019ins\u00e9rer dans une cha\u00eene de production r\u00e9pondant aux besoins des entreprises fabriquant les \u00e9quipements ou composants essentiels \u00e9ligibles au dispositif.<\/p>\n<p>Le 3e crit\u00e8re concerne la participation de l\u2019entreprise \u00e0 des activit\u00e9s de recherche, de d\u00e9veloppement ou d\u2019innovation r\u00e9alis\u00e9es en France dans les technologies des fili\u00e8res concern\u00e9es. Peuvent notamment \u00eatre pris en compte la part du chiffre d\u2019affaires ou le nombre d\u2019emplois consacr\u00e9s \u00e0 ces activit\u00e9s, les partenariats industriels ou de recherche, la strat\u00e9gie de ma\u00eetrise de la propri\u00e9t\u00e9 intellectuelle ou encore la part des brevets d\u00e9pos\u00e9s en France.<\/p>\n<p>Enfin, l\u2019int\u00e9r\u00eat \u00e9conomique du projet, le 4e crit\u00e8re, s\u2019appr\u00e9cie au regard de sa contribution au maintien ou au d\u00e9veloppement en France des comp\u00e9tences et des savoir-faire n\u00e9cessaires aux fili\u00e8res concern\u00e9es. \u00c0 ce titre, peuvent notamment \u00eatre examin\u00e9s le recours \u00e0 une main-d\u2019\u0153uvre locale, ainsi que les actions et les moyens consacr\u00e9s \u00e0 la formation professionnelle.<\/p>\n<p>Ces crit\u00e8res doivent donc d\u00e9sormais \u00eatre int\u00e9gr\u00e9s par les entreprises dans la pr\u00e9paration de leur demande d\u2019agr\u00e9ment afin de d\u00e9montrer, au-del\u00e0 de l\u2019\u00e9ligibilit\u00e9 des investissements eux-m\u00eames, l\u2019int\u00e9r\u00eat \u00e9conomique de leur projet pour les fili\u00e8res industrielles concern\u00e9es.<\/p>\n<div>Sources :  <\/p>\n<ul>\n<li><a href=\"https:\/\/www.legifrance.gouv.fr\/jorf\/id\/JORFTEXT000054658800\" target=\"_blank\" rel=\"noopener\">D\u00e9cret no 2026-763 du 9 ao\u00fbt 2026 fixant la date d&rsquo;entr\u00e9e en vigueur des I et II de l&rsquo;article 39 de la loi no 2026-103 du 19 f\u00e9vrier 2026 de finances pour 2026 et d\u00e9finissant les modalit\u00e9s d&rsquo;application de l&rsquo;avis du ministre charg\u00e9 de l&rsquo;\u00e9conomie pr\u00e9vu au 2\u00b0 du A du VIII de l&rsquo;article 244 quater I du code g\u00e9n\u00e9ral des imp\u00f4ts<\/a><\/li>\n<\/ul>\n<\/div>\n<p><a href=\"https:\/\/www.weblex.fr\/weblex-actualite\/credit-d-impot-industrie-verte-les-nouveautes-2026-deviennent-effectives\" target=\"_blank\" rel=\"noopener\">Cr\u00e9dit d\u2019imp\u00f4t industrie verte : les nouveaut\u00e9s 2026 deviennent effectives<\/a> &#8211; \u00a9 Copyright WebLex<\/p>\n<p><img src=\"https:\/\/www.weblex.fr\/sites\/default\/files\/actualites\/images\/shutterstock-entreevigeur.jpg\"><\/p>\n","protected":false},"excerpt":{"rendered":"<p>La loi de finances pour 2026 a prorog\u00e9 et am\u00e9nag\u00e9 le cr\u00e9dit d\u2019imp\u00f4t au titre des investissements dans l\u2019industrie verte (C3IV). L\u2019entr\u00e9e en vigueur de ces nouveaut\u00e9s restait toutefois suspendue \u00e0 validation. C\u2019est d\u00e9sormais chose faite\u2026<\/p>\n","protected":false},"featured_media":123990,"template":"","weblex-importer-activity":[],"weblex-importer-category":[62,66],"weblex-importer-tag":[198],"weblex-importer-keyword":[],"_links":{"self":[{"href":"https:\/\/www.secvergnaud.com\/index.php\/wp-json\/wp\/v2\/weblex-importer-post\/123989"}],"collection":[{"href":"https:\/\/www.secvergnaud.com\/index.php\/wp-json\/wp\/v2\/weblex-importer-post"}],"about":[{"href":"https:\/\/www.secvergnaud.com\/index.php\/wp-json\/wp\/v2\/types\/weblex-importer-post"}],"wp:featuredmedia":[{"embeddable":true,"href":"https:\/\/www.secvergnaud.com\/index.php\/wp-json\/wp\/v2\/media\/123990"}],"wp:attachment":[{"href":"https:\/\/www.secvergnaud.com\/index.php\/wp-json\/wp\/v2\/media?parent=123989"}],"wp:term":[{"taxonomy":"weblex-importer-activity","embeddable":true,"href":"https:\/\/www.secvergnaud.com\/index.php\/wp-json\/wp\/v2\/weblex-importer-activity?post=123989"},{"taxonomy":"weblex-importer-category","embeddable":true,"href":"https:\/\/www.secvergnaud.com\/index.php\/wp-json\/wp\/v2\/weblex-importer-category?post=123989"},{"taxonomy":"weblex-importer-tag","embeddable":true,"href":"https:\/\/www.secvergnaud.com\/index.php\/wp-json\/wp\/v2\/weblex-importer-tag?post=123989"},{"taxonomy":"weblex-importer-keyword","embeddable":true,"href":"https:\/\/www.secvergnaud.com\/index.php\/wp-json\/wp\/v2\/weblex-importer-keyword?post=123989"}],"curies":[{"name":"wp","href":"https:\/\/api.w.org\/{rel}","templated":true}]}}