{"id":123941,"date":"2026-08-31T00:00:00","date_gmt":"2026-08-30T22:00:00","guid":{"rendered":"https:\/\/www.secvergnaud.com\/index.php\/les-infos-du-jour\/validation-des-acquis-de-lexperience-un-financement-ajuste\/"},"modified":"2026-08-31T00:00:00","modified_gmt":"2026-08-30T22:00:00","slug":"validation-des-acquis-de-lexperience-un-financement-ajuste","status":"publish","type":"weblex-importer-post","link":"https:\/\/www.secvergnaud.com\/index.php\/les-infos-du-jour\/validation-des-acquis-de-lexperience-un-financement-ajuste\/","title":{"rendered":"Validation des acquis de l\u2019exp\u00e9rience : un financement ajust\u00e9"},"content":{"rendered":"<p>La prise en charge financi\u00e8re des parcours de validation des acquis de l\u2019exp\u00e9rience (VAE) par Transitions Pro est d\u00e9sormais mieux encadr\u00e9e. D\u00e9penses \u00e9ligibles, forfait applicable, justificatifs \u00e0 fournir : de nouvelles r\u00e8gles pr\u00e9cisent les conditions de financement depuis le 30 juillet 2026.<\/p>\n<h2>VAE : un financement par Transitions pro sur la base d\u2019un forfait de 2 000 \u20ac<\/h2>\n<p>Pour m\u00e9moire, les associations Transitions Pro, juridiquement constitu\u00e9es sous la forme de commissions paritaires interprofessionnelles r\u00e9gionales, sont notamment charg\u00e9es de financer certains projets de transition professionnelle.<\/p>\n<p>Elles peuvent \u00e9galement prendre en charge, sous conditions, certaines d\u00e9penses li\u00e9es \u00e0 un parcours de validation des acquis de l\u2019exp\u00e9rience (VAE).<\/p>\n<p>Depuis le 30 juillet 2026, les d\u00e9penses li\u00e9es \u00e0 un parcours de VAE susceptibles d\u2019\u00eatre financ\u00e9es par Transitions Pro sont pr\u00e9cis\u00e9ment d\u00e9finies.<\/p>\n<p>Peuvent ainsi \u00eatre pris en charge :<\/p>\n<ul>\n<li>les frais de transport, de repas et d\u2019h\u00e9bergement ;<\/li>\n<li>les frais li\u00e9s \u00e0 l\u2019examen de la recevabilit\u00e9 de la demande de VAE ;<\/li>\n<li>les frais d\u2019accompagnement personnalis\u00e9 du candidat ;<\/li>\n<li>les frais occasionn\u00e9s par les formations obligatoires ou compl\u00e9mentaires \u00e9ventuellement recommand\u00e9es par le minist\u00e8re ou l\u2019organisme certificateur apr\u00e8s examen de la demande ;<\/li>\n<li>les frais li\u00e9s \u00e0 la session d\u2019\u00e9valuation organis\u00e9e par le minist\u00e8re ou l\u2019organisme certificateur. L\u2019ensemble de ces d\u00e9penses est financ\u00e9 sur la base d\u2019un montant forfaitaire de 2 000 \u20ac.<\/li>\n<\/ul>\n<p>Pour b\u00e9n\u00e9ficier de cette prise en charge, le candidat doit toutefois justifier de son inscription effective dans un parcours de VAE.<\/p>\n<p>Lorsqu\u2019il b\u00e9n\u00e9ficie d\u2019un accompagnement personnalis\u00e9, il doit transmettre un justificatif de l\u2019engagement r\u00e9ciproque conclu avec l\u2019organisme qui l\u2019accompagne.<\/p>\n<p>En l\u2019absence d\u2019un tel accompagnement, il doit fournir le justificatif de transmission de son dossier au minist\u00e8re ou \u00e0 l\u2019organisme certificateur. \u00c0 d\u00e9faut de transmission de l\u2019un de ces documents, la prise en charge est refus\u00e9e.<\/p>\n<p>Attention : m\u00eame lorsque ces conditions sont remplies, le financement n\u2019est pas automatique. Transitions Pro peut refuser une demande lorsque le parcours de VAE ne correspond pas aux priorit\u00e9s encadrant son intervention en mati\u00e8re de formation professionnelle, ou lorsque les ressources disponibles ne permettent pas de financer simultan\u00e9ment l\u2019ensemble des demandes re\u00e7ues.<\/p>\n<p>Les modalit\u00e9s administratives diff\u00e8rent ensuite selon que le candidat mobilise ou non son compte personnel de formation (CPF).<\/p>\n<p>Lorsque le CPF n\u2019est pas mobilis\u00e9, une convention tripartite doit \u00eatre conclue entre le candidat, le ou les financeurs et le ou les organismes intervenant dans son parcours de VAE.<\/p>\n<p>Cette convention pr\u00e9cise notamment la certification vis\u00e9e, ainsi que la nature et les conditions de prise en charge des diff\u00e9rents frais. Sa signature suppose que le candidat ait pr\u00e9alablement produit un document attestant de la recevabilit\u00e9 de sa demande de VAE.<\/p>\n<p>En revanche, lorsque le CPF est mobilis\u00e9, l\u2019acceptation des conditions g\u00e9n\u00e9rales d\u2019utilisation du service d\u00e9mat\u00e9rialis\u00e9 tient lieu de convention.<\/p>\n<p>Dans cette hypoth\u00e8se, les frais de transport, de repas et d\u2019h\u00e9bergement ne sont pas pris en charge par l\u2019organisme gestionnaire du CPF.<\/p>\n<p>Ces nouvelles r\u00e8gles permettent ainsi de fixer un cadre commun au financement des parcours de VAE par Transitions Pro, tant sur les d\u00e9penses \u00e9ligibles que sur les justificatifs \u00e0 produire et les conditions de prise en charge.<\/p>\n<div>Sources :  <\/p>\n<ul>\n<li><a href=\"https:\/\/www.legifrance.gouv.fr\/jorf\/id\/JORFTEXT000054541021\" target=\"_blank\" rel=\"noopener\">D\u00e9cret no 2026-678 du 27 juillet 2026 relatif au financement de la validation des acquis de l&rsquo;exp\u00e9rience par les commissions paritaires interprofessionnelles r\u00e9gionales<\/a><\/li>\n<\/ul>\n<\/div>\n<p><a href=\"https:\/\/www.weblex.fr\/weblex-actualite\/validation-des-acquis-de-l-experience-un-financement-ajuste\" target=\"_blank\" rel=\"noopener\">Validation des acquis de l\u2019exp\u00e9rience : un financement ajust\u00e9<\/a> &#8211; \u00a9 Copyright WebLex<\/p>\n<p><img src=\"https:\/\/www.weblex.fr\/sites\/default\/files\/actualites\/images\/shutterstock_finacementtransition.jpg\"><\/p>\n","protected":false},"excerpt":{"rendered":"<p>La prise en charge financi\u00e8re des parcours de validation des acquis de l\u2019exp\u00e9rience (VAE) par Transitions Pro est d\u00e9sormais mieux encadr\u00e9e. D\u00e9penses \u00e9ligibles, forfait applicable, justificatifs \u00e0 fournir : de nouvelles r\u00e8gles pr\u00e9cisent les conditions de financement depuis le 30 juillet 2026.<\/p>\n","protected":false},"featured_media":123942,"template":"","weblex-importer-activity":[],"weblex-importer-category":[62,65],"weblex-importer-tag":[198],"weblex-importer-keyword":[],"_links":{"self":[{"href":"https:\/\/www.secvergnaud.com\/index.php\/wp-json\/wp\/v2\/weblex-importer-post\/123941"}],"collection":[{"href":"https:\/\/www.secvergnaud.com\/index.php\/wp-json\/wp\/v2\/weblex-importer-post"}],"about":[{"href":"https:\/\/www.secvergnaud.com\/index.php\/wp-json\/wp\/v2\/types\/weblex-importer-post"}],"wp:featuredmedia":[{"embeddable":true,"href":"https:\/\/www.secvergnaud.com\/index.php\/wp-json\/wp\/v2\/media\/123942"}],"wp:attachment":[{"href":"https:\/\/www.secvergnaud.com\/index.php\/wp-json\/wp\/v2\/media?parent=123941"}],"wp:term":[{"taxonomy":"weblex-importer-activity","embeddable":true,"href":"https:\/\/www.secvergnaud.com\/index.php\/wp-json\/wp\/v2\/weblex-importer-activity?post=123941"},{"taxonomy":"weblex-importer-category","embeddable":true,"href":"https:\/\/www.secvergnaud.com\/index.php\/wp-json\/wp\/v2\/weblex-importer-category?post=123941"},{"taxonomy":"weblex-importer-tag","embeddable":true,"href":"https:\/\/www.secvergnaud.com\/index.php\/wp-json\/wp\/v2\/weblex-importer-tag?post=123941"},{"taxonomy":"weblex-importer-keyword","embeddable":true,"href":"https:\/\/www.secvergnaud.com\/index.php\/wp-json\/wp\/v2\/weblex-importer-keyword?post=123941"}],"curies":[{"name":"wp","href":"https:\/\/api.w.org\/{rel}","templated":true}]}}