{"id":1230,"date":"2022-01-17T05:52:00","date_gmt":"2022-01-17T04:52:00","guid":{"rendered":"https:\/\/www.secvergnaud.com\/index.php\/les-infos-du-jour\/achat-de-vehicule-creation-dun-nouveau-service-national-des-quitus\/"},"modified":"2022-01-17T05:52:00","modified_gmt":"2022-01-17T04:52:00","slug":"achat-de-vehicule-creation-dun-nouveau-service-national-des-quitus","status":"publish","type":"weblex-importer-post","link":"https:\/\/www.secvergnaud.com\/index.php\/les-infos-du-jour\/achat-de-vehicule-creation-dun-nouveau-service-national-des-quitus\/","title":{"rendered":"Achat de v\u00e9hicule : cr\u00e9ation d\u2019un nouveau service national des quitus"},"content":{"rendered":"<div>\n<h2> Un service comp\u00e9tent pour 4 d\u00e9partements<\/h2>\n<p>Une personne qui ach\u00e8te un v\u00e9hicule dans un autre Etat membre de l\u2019Union europ\u00e9enne (UE) doit obtenir un certificat fiscal, aussi appel\u00e9 \u00ab quitus fiscal \u00bb, pour pouvoir l\u2019immatriculer en France.<\/p>\n<p>Depuis le 1er janvier 2022, un nouveau service national des quitus est cr\u00e9\u00e9 \u00e0 Denain (59).<\/p>\n<p>Pour le moment, ce service est comp\u00e9tent pour d\u00e9livrer des quitus fiscaux pour les personnes (particuliers comme professionnels) dont le domicile ou le si\u00e8ge social est situ\u00e9 dans l\u2019un des 4 d\u00e9partements suivants : le Nord, le Pas-de-Calais, la Moselle et le Bas-Rhin.<\/p>\n<p>Si l\u2019exp\u00e9rience men\u00e9e sur ces 4 d\u00e9partements s\u2019av\u00e8re concluante, la comp\u00e9tence de ce nouveau service sera \u00e9tendue \u00e0 tout le territoire.<\/p>\n<p>Source : Actualit\u00e9 du Site Internet des Imp\u00f4ts du 13 d\u00e9cembre 2021<\/p>\n<p><a href=\"https:\/\/www.weblex.fr\/weblex-actualite\/achat-de-vehicule-creation-dun-nouveau-service-national-des-quitus\" target=\"_blank\" rel=\"noopener\">Achat de v\u00e9hicule : cr\u00e9ation d\u2019un nouveau service national des quitus<\/a> \u00a9 Copyright WebLex &#8211; 2022<\/p>\n<\/div>\n","protected":false},"excerpt":{"rendered":"<p>Vous avez achet\u00e9 un v\u00e9hicule en Allemagne et vous souhaitez le faire immatriculer en France. Pour cela, vous avez besoin d\u2019un quitus fiscal. O\u00f9 pouvez-vous vous le procurer ?<\/p>\n","protected":false},"featured_media":1231,"template":"","weblex-importer-activity":[],"weblex-importer-category":[62,64],"weblex-importer-tag":[61],"weblex-importer-keyword":[],"_links":{"self":[{"href":"https:\/\/www.secvergnaud.com\/index.php\/wp-json\/wp\/v2\/weblex-importer-post\/1230"}],"collection":[{"href":"https:\/\/www.secvergnaud.com\/index.php\/wp-json\/wp\/v2\/weblex-importer-post"}],"about":[{"href":"https:\/\/www.secvergnaud.com\/index.php\/wp-json\/wp\/v2\/types\/weblex-importer-post"}],"wp:featuredmedia":[{"embeddable":true,"href":"https:\/\/www.secvergnaud.com\/index.php\/wp-json\/wp\/v2\/media\/1231"}],"wp:attachment":[{"href":"https:\/\/www.secvergnaud.com\/index.php\/wp-json\/wp\/v2\/media?parent=1230"}],"wp:term":[{"taxonomy":"weblex-importer-activity","embeddable":true,"href":"https:\/\/www.secvergnaud.com\/index.php\/wp-json\/wp\/v2\/weblex-importer-activity?post=1230"},{"taxonomy":"weblex-importer-category","embeddable":true,"href":"https:\/\/www.secvergnaud.com\/index.php\/wp-json\/wp\/v2\/weblex-importer-category?post=1230"},{"taxonomy":"weblex-importer-tag","embeddable":true,"href":"https:\/\/www.secvergnaud.com\/index.php\/wp-json\/wp\/v2\/weblex-importer-tag?post=1230"},{"taxonomy":"weblex-importer-keyword","embeddable":true,"href":"https:\/\/www.secvergnaud.com\/index.php\/wp-json\/wp\/v2\/weblex-importer-keyword?post=1230"}],"curies":[{"name":"wp","href":"https:\/\/api.w.org\/{rel}","templated":true}]}}