{"id":1208,"date":"2022-01-19T05:50:00","date_gmt":"2022-01-19T04:50:00","guid":{"rendered":"https:\/\/www.secvergnaud.com\/index.php\/les-infos-du-jour\/un-nouveau-conge-pour-accompagner-les-enfants-gravement-malades\/"},"modified":"2022-01-19T05:50:00","modified_gmt":"2022-01-19T04:50:00","slug":"un-nouveau-conge-pour-accompagner-les-enfants-gravement-malades","status":"publish","type":"weblex-importer-post","link":"https:\/\/www.secvergnaud.com\/index.php\/les-infos-du-jour\/un-nouveau-conge-pour-accompagner-les-enfants-gravement-malades\/","title":{"rendered":"Un nouveau cong\u00e9 pour accompagner les enfants gravement malades"},"content":{"rendered":"<div>\n<h2> Un nouveau cong\u00e9 pour des cas tr\u00e8s sp\u00e9cifiques<\/h2>\n<p>Un salari\u00e9 a le droit de b\u00e9n\u00e9ficier d\u2019absences pour \u00e9v\u00e8nement familial en cas de mariage, de d\u00e9c\u00e8s d\u2019un enfant, \u00e0 l\u2019annonce de la survenue d\u2019un handicap chez un enfant, etc.<\/p>\n<p>A cette liste s\u2019ajoutent, depuis le 19 d\u00e9cembre 2021, les annonces de la survenue chez un enfant :<\/p>\n<ul>\n<li>d&rsquo;une pathologie chronique n\u00e9cessitant un apprentissage th\u00e9rapeutique ;<\/li>\n<li>d&rsquo;un cancer.<\/li>\n<\/ul>\n<p>La dur\u00e9e de ce cong\u00e9 est fix\u00e9e \u00e0 2 jours ouvrables, au minimum.<\/p>\n<p><span style=\"text-decoration: underline\">Source<\/span> : Loi n\u00b0 2021-1678 du 17 d\u00e9cembre 2021 visant \u00e0 l&rsquo;accompagnement des enfants atteints de pathologie chronique ou de cancer<\/p>\n<p><a title=\"Un nouveau cong\u00e9 pour accompagner les enfants gravement malades \" href=\"https:\/\/www.weblex.fr\/weblex-actualite\/un-nouveau-conge-pour-accompagner-les-enfants-gravement-malades\" rel=\"nofollow noopener\" target=\"_blank\">Un nouveau cong\u00e9 pour accompagner les enfants gravement malades<\/a> \u00a9 Copyright WebLex &#8211; 2022<\/p>\n<\/div>\n","protected":false},"excerpt":{"rendered":"<p>Pour certains \u00e9v\u00e8nement familiaux (Pacs, mariage, etc.), les salari\u00e9s peuvent, toutes conditions remplies, b\u00e9n\u00e9ficier d\u2019un cong\u00e9 sp\u00e9cifique. La liste de ces \u00e9v\u00e8nements vient d\u2019\u00eatre compl\u00e9t\u00e9e par le gouvernement\u2026<\/p>\n","protected":false},"featured_media":1209,"template":"","weblex-importer-activity":[],"weblex-importer-category":[62,65],"weblex-importer-tag":[61],"weblex-importer-keyword":[],"_links":{"self":[{"href":"https:\/\/www.secvergnaud.com\/index.php\/wp-json\/wp\/v2\/weblex-importer-post\/1208"}],"collection":[{"href":"https:\/\/www.secvergnaud.com\/index.php\/wp-json\/wp\/v2\/weblex-importer-post"}],"about":[{"href":"https:\/\/www.secvergnaud.com\/index.php\/wp-json\/wp\/v2\/types\/weblex-importer-post"}],"wp:featuredmedia":[{"embeddable":true,"href":"https:\/\/www.secvergnaud.com\/index.php\/wp-json\/wp\/v2\/media\/1209"}],"wp:attachment":[{"href":"https:\/\/www.secvergnaud.com\/index.php\/wp-json\/wp\/v2\/media?parent=1208"}],"wp:term":[{"taxonomy":"weblex-importer-activity","embeddable":true,"href":"https:\/\/www.secvergnaud.com\/index.php\/wp-json\/wp\/v2\/weblex-importer-activity?post=1208"},{"taxonomy":"weblex-importer-category","embeddable":true,"href":"https:\/\/www.secvergnaud.com\/index.php\/wp-json\/wp\/v2\/weblex-importer-category?post=1208"},{"taxonomy":"weblex-importer-tag","embeddable":true,"href":"https:\/\/www.secvergnaud.com\/index.php\/wp-json\/wp\/v2\/weblex-importer-tag?post=1208"},{"taxonomy":"weblex-importer-keyword","embeddable":true,"href":"https:\/\/www.secvergnaud.com\/index.php\/wp-json\/wp\/v2\/weblex-importer-keyword?post=1208"}],"curies":[{"name":"wp","href":"https:\/\/api.w.org\/{rel}","templated":true}]}}