{"id":119708,"date":"2026-04-29T00:00:00","date_gmt":"2026-04-28T22:00:00","guid":{"rendered":"https:\/\/www.secvergnaud.com\/index.php\/les-infos-du-jour\/hebergement-temporaire-non-medicalise-perennisation-du-dispositif\/"},"modified":"2026-04-29T00:00:00","modified_gmt":"2026-04-28T22:00:00","slug":"hebergement-temporaire-non-medicalise-perennisation-du-dispositif","status":"publish","type":"weblex-importer-post","link":"https:\/\/www.secvergnaud.com\/index.php\/les-infos-du-jour\/hebergement-temporaire-non-medicalise-perennisation-du-dispositif\/","title":{"rendered":"H\u00e9bergement temporaire non m\u00e9dicalis\u00e9 : p\u00e9rennisation du dispositif"},"content":{"rendered":"<p>Les \u00e9tablissements de sant\u00e9 peuvent proposer des prestations d\u2019h\u00e9bergement non m\u00e9dicalis\u00e9 au b\u00e9n\u00e9fice de certains patients. Des pr\u00e9cisions sont faites concernant le financement de ces prestations\u2026<\/p>\n<h2>H\u00e9bergement temporaire non m\u00e9dicalis\u00e9 : le financement est confirm\u00e9<\/h2>\n<p>Les prestations d\u2019h\u00e9bergement temporaire non m\u00e9dicalis\u00e9 peuvent \u00eatre propos\u00e9es par les \u00e9tablissements de sant\u00e9 \u00e0 certains de leurs patients, qui leur permet d\u2019\u00eatre h\u00e9berg\u00e9s avant ou apr\u00e8s leurs soins.<\/p>\n<p>C\u2019est le cas lorsque l\u2019\u00e9tat du patient ne n\u00e9cessite pas :<\/p>\n<ul>\n<li>de surveillance m\u00e9dicale continue ;<\/li>\n<li>d\u2019hospitalisation \u00e0 domicile ;<\/li>\n<li>d\u2019installation m\u00e9dicale technique lourde.<\/li>\n<li>Pour autant, un suivi m\u00e9dical reste n\u00e9cessaire alors que le domicile du patient se trouve \u00e0 plus d\u20191 h de trajet motoris\u00e9 ou n\u2019est pas adapt\u00e9 \u00e0 sa situation actuelle, ou le patient se trouve dans une situation d\u2019isolement social ou g\u00e9ographique.<\/li>\n<\/ul>\n<p>De plus, ces prestations sont \u00e9galement possibles pour les femmes enceintes qui le sollicitent et qui r\u00e9sident \u00e0 plus de 45 minutes de trajet de l\u2019\u00e9tablissement le plus proche.<\/p>\n<p>Depuis 2021, il \u00e9tait pr\u00e9vu un financement de ces prestations par le biais d\u2019un forfait pris en charge par l\u2019assurance maladie.<\/p>\n<p>Pour que cette prise en charge soit possible, les \u00e9tablissements de sant\u00e9 proposant ce service doivent se conformer au cahier des charges qui peut \u00eatre consult\u00e9 <a href=\"https:\/\/www.legifrance.gouv.fr\/loda\/id\/JORFTEXT000043970855\/\" target=\"_blank\" rel=\"noopener\">ici<\/a>.<\/p>\n<p>Ce dispositif de financement \u00e9tait pr\u00e9vu pour prendre fin au 31 d\u00e9cembre 2025. Mais depuis le 17 avril 2026, ce dispositif a \u00e9t\u00e9 p\u00e9rennis\u00e9.<\/p>\n<div>Sources :  <\/p>\n<ul>\n<li><a href=\"https:\/\/www.legifrance.gouv.fr\/jorf\/id\/JORFTEXT000053901250\" target=\"_blank\" rel=\"noopener\">D\u00e9cret no 2026-280 du 14 avril 2026 relatif \u00e0 la mise en \u0153uvre de la prestation d&rsquo;h\u00e9bergement temporaire non m\u00e9dicalis\u00e9<\/a><\/li>\n<\/ul>\n<\/div>\n<p><a href=\"https:\/\/www.weblex.fr\/weblex-actualite\/hebergement-temporaire-non-medicalise-perennisation-du-dispositif\" target=\"_blank\" rel=\"noopener\">H\u00e9bergement temporaire non m\u00e9dicalis\u00e9 : p\u00e9rennisation du dispositif<\/a> &#8211; \u00a9 Copyright WebLex<\/p>\n<p><img src=\"https:\/\/www.weblex.fr\/sites\/default\/files\/actualites\/images\/Shutterstock_hergementtemporaire.jpg\"><\/p>\n","protected":false},"excerpt":{"rendered":"<p>Les \u00e9tablissements de sant\u00e9 peuvent proposer des prestations d\u2019h\u00e9bergement non m\u00e9dicalis\u00e9 au b\u00e9n\u00e9fice de certains patients. Des pr\u00e9cisions sont faites concernant le financement de ces prestations\u2026<\/p>\n","protected":false},"featured_media":119709,"template":"","weblex-importer-activity":[],"weblex-importer-category":[62,63],"weblex-importer-tag":[198],"weblex-importer-keyword":[],"_links":{"self":[{"href":"https:\/\/www.secvergnaud.com\/index.php\/wp-json\/wp\/v2\/weblex-importer-post\/119708"}],"collection":[{"href":"https:\/\/www.secvergnaud.com\/index.php\/wp-json\/wp\/v2\/weblex-importer-post"}],"about":[{"href":"https:\/\/www.secvergnaud.com\/index.php\/wp-json\/wp\/v2\/types\/weblex-importer-post"}],"wp:featuredmedia":[{"embeddable":true,"href":"https:\/\/www.secvergnaud.com\/index.php\/wp-json\/wp\/v2\/media\/119709"}],"wp:attachment":[{"href":"https:\/\/www.secvergnaud.com\/index.php\/wp-json\/wp\/v2\/media?parent=119708"}],"wp:term":[{"taxonomy":"weblex-importer-activity","embeddable":true,"href":"https:\/\/www.secvergnaud.com\/index.php\/wp-json\/wp\/v2\/weblex-importer-activity?post=119708"},{"taxonomy":"weblex-importer-category","embeddable":true,"href":"https:\/\/www.secvergnaud.com\/index.php\/wp-json\/wp\/v2\/weblex-importer-category?post=119708"},{"taxonomy":"weblex-importer-tag","embeddable":true,"href":"https:\/\/www.secvergnaud.com\/index.php\/wp-json\/wp\/v2\/weblex-importer-tag?post=119708"},{"taxonomy":"weblex-importer-keyword","embeddable":true,"href":"https:\/\/www.secvergnaud.com\/index.php\/wp-json\/wp\/v2\/weblex-importer-keyword?post=119708"}],"curies":[{"name":"wp","href":"https:\/\/api.w.org\/{rel}","templated":true}]}}