{"id":1185,"date":"2022-01-24T05:45:00","date_gmt":"2022-01-24T04:45:00","guid":{"rendered":"https:\/\/www.secvergnaud.com\/index.php\/les-infos-du-jour\/draisienne-electrique-circulation-autorisee\/"},"modified":"2022-01-24T05:45:00","modified_gmt":"2022-01-24T04:45:00","slug":"draisienne-electrique-circulation-autorisee","status":"publish","type":"weblex-importer-post","link":"https:\/\/www.secvergnaud.com\/index.php\/les-infos-du-jour\/draisienne-electrique-circulation-autorisee\/","title":{"rendered":"Draisienne \u00e9lectrique : circulation autoris\u00e9e ?"},"content":{"rendered":"<div>\n<h2> Autorisation de la circulation en draisienne \u00e9lectrique<\/h2>\n<p>Depuis le 15 janvier 2022, il est formellement autoris\u00e9 de circuler en draisienne \u00e9lectrique, un mode de d\u00e9placement qui fait d\u00e9sormais partie de la cat\u00e9gorie des \u00ab engins de d\u00e9placement personnel motoris\u00e9s \u00bb, au m\u00eame titre que les trottinettes \u00e9lectriques.<\/p>\n<p>Pour rappel, le classement dans cette cat\u00e9gorie signifie que la circulation en draisienne \u00e9lectrique est interdite au moins de 12 ans et sur les trottoirs. La circulation est autoris\u00e9e sur les pistes et bandes cyclables, ou sur les chauss\u00e9es dont la vitesse est limit\u00e9e \u00e0 30 ou 50 km\/h (ils ne peuvent donc pas \u00eatre utilis\u00e9s sur les routes hors agglom\u00e9ration). Le port du casque n&rsquo;est pas obligatoire, mais vivement recommand\u00e9.<\/p>\n<p>Sources :<\/p>\n<ul>\n<li>D\u00e9cret n\u00b0 2022-31 du 14 janvier 2022 relatif \u00e0 la r\u00e9glementation des cyclomobiles l\u00e9gers et modifiant le code de la route<\/li>\n<li>Actualit\u00e9 de service-public.fr du 19 janvier 2022<\/li>\n<\/ul>\n<p><a href=\"https:\/\/www.weblex.fr\/weblex-actualite\/draisienne-electrique-circulation-autorisee\" target=\"_blank\" rel=\"noopener\">Draisienne \u00e9lectrique : circulation autoris\u00e9e ?<\/a> \u00a9 Copyright WebLex &#8211; 2022<\/p>\n<\/div>\n","protected":false},"excerpt":{"rendered":"<p>De plus en plus de personnes circulent en draisienne \u00e9lectrique. Pour autant, ce mode de circulation n\u2019\u00e9tait pas formellement autoris\u00e9. Du moins jusqu\u2019\u00e0 pr\u00e9sent\u2026<\/p>\n","protected":false},"featured_media":1186,"template":"","weblex-importer-activity":[],"weblex-importer-category":[62,63],"weblex-importer-tag":[61],"weblex-importer-keyword":[],"_links":{"self":[{"href":"https:\/\/www.secvergnaud.com\/index.php\/wp-json\/wp\/v2\/weblex-importer-post\/1185"}],"collection":[{"href":"https:\/\/www.secvergnaud.com\/index.php\/wp-json\/wp\/v2\/weblex-importer-post"}],"about":[{"href":"https:\/\/www.secvergnaud.com\/index.php\/wp-json\/wp\/v2\/types\/weblex-importer-post"}],"wp:featuredmedia":[{"embeddable":true,"href":"https:\/\/www.secvergnaud.com\/index.php\/wp-json\/wp\/v2\/media\/1186"}],"wp:attachment":[{"href":"https:\/\/www.secvergnaud.com\/index.php\/wp-json\/wp\/v2\/media?parent=1185"}],"wp:term":[{"taxonomy":"weblex-importer-activity","embeddable":true,"href":"https:\/\/www.secvergnaud.com\/index.php\/wp-json\/wp\/v2\/weblex-importer-activity?post=1185"},{"taxonomy":"weblex-importer-category","embeddable":true,"href":"https:\/\/www.secvergnaud.com\/index.php\/wp-json\/wp\/v2\/weblex-importer-category?post=1185"},{"taxonomy":"weblex-importer-tag","embeddable":true,"href":"https:\/\/www.secvergnaud.com\/index.php\/wp-json\/wp\/v2\/weblex-importer-tag?post=1185"},{"taxonomy":"weblex-importer-keyword","embeddable":true,"href":"https:\/\/www.secvergnaud.com\/index.php\/wp-json\/wp\/v2\/weblex-importer-keyword?post=1185"}],"curies":[{"name":"wp","href":"https:\/\/api.w.org\/{rel}","templated":true}]}}