{"id":118096,"date":"2026-03-11T00:00:00","date_gmt":"2026-03-10T23:00:00","guid":{"rendered":"https:\/\/www.secvergnaud.com\/index.php\/les-infos-du-jour\/prevention-de-la-sante-au-travail-quelles-evolutions-pour-le-secteur-agricole\/"},"modified":"2026-03-11T00:00:00","modified_gmt":"2026-03-10T23:00:00","slug":"prevention-de-la-sante-au-travail-quelles-evolutions-pour-le-secteur-agricole","status":"publish","type":"weblex-importer-post","link":"https:\/\/www.secvergnaud.com\/index.php\/les-infos-du-jour\/prevention-de-la-sante-au-travail-quelles-evolutions-pour-le-secteur-agricole\/","title":{"rendered":"Pr\u00e9vention de la sant\u00e9 au travail : quelles \u00e9volutions pour le secteur agricole ?"},"content":{"rendered":"<p>Plusieurs r\u00e8gles applicables aux travailleurs agricoles sont ajust\u00e9es afin d\u2019aligner certaines pratiques sur le droit commun et de simplifier l\u2019organisation des services de sant\u00e9 au travail. Tour d\u2019horizon des principales nouveaut\u00e9s \u00e0 retenir.<\/p>\n<h2>Sant\u00e9 au travail en agriculture : de nouvelles r\u00e8gles \u00e0 conna\u00eetre<\/h2>\n<p>Dans la continuit\u00e9 de la r\u00e9forme portant sur la pr\u00e9vention de la sant\u00e9 au travail des salari\u00e9s agricoles, les r\u00e8gles applicables au secteur agricole sont ajust\u00e9es depuis le 5 mars 2026.<\/p>\n<p>L\u2019objectif est d\u2019aligner certaines pratiques de sant\u00e9 au travail pour les agriculteurs sur le droit commun afin de simplifier l\u2019organisation des services de sant\u00e9 au travail.<\/p>\n<p>Ainsi, l\u2019examen m\u00e9dical obligatoire \u00e0 50 ans pour les travailleurs agricoles est supprim\u00e9.<\/p>\n<p>Il est remplac\u00e9 par l\u2019examen m\u00e9dical de mi-carri\u00e8re, destin\u00e9 :<\/p>\n<ul>\n<li>\u00e0 v\u00e9rifier l\u2019ad\u00e9quation entre le poste occup\u00e9 et l\u2019\u00e9tat de sant\u00e9 du salari\u00e9 ;<\/li>\n<li>\u00e0 rep\u00e9rer les risques de d\u00e9sinsertion professionnelle ;<\/li>\n<li>\u00e0 sensibiliser les travailleurs aux enjeux du vieillissement au travail ;<\/li>\n<li>\u00e0 sensibiliser les travailleurs \u00e0 la pr\u00e9vention des risques professionnels.<\/li>\n<\/ul>\n<p>Par ailleurs, les r\u00e8gles applicables aux services de sant\u00e9 au travail en agriculture \u00e9voluent.<\/p>\n<p>Les conditions d\u2019agr\u00e9ment de ces services tiennent d\u00e9sormais davantage compte de la composition de leurs \u00e9quipes pluridisciplinaires.<\/p>\n<p>Dans le m\u00eame objectif de simplification, certaines dispositions devenues obsol\u00e8tes du Code rural sont supprim\u00e9es ou mises \u00e0 jour, et notamment celles relatives \u00e0 la d\u00e9termination des effectifs des \u00e9quipes pluridisciplinaires.<\/p>\n<p>Ces \u00e9volutions concernent les employeurs et travailleurs agricoles, ainsi que les professionnels de sant\u00e9 exer\u00e7ant au sein des services de sant\u00e9 au travail du secteur agricole.<\/p>\n<div>Sources :  <\/p>\n<ul>\n<li><a href=\"https:\/\/www.legifrance.gouv.fr\/jorf\/id\/JORFTEXT000053613352\" target=\"_blank\" rel=\"noopener\">D\u00e9cret no 2026-151 du 3 mars 2026 relatif \u00e0 des simplifications en mati\u00e8re de sant\u00e9 au travail des travailleurs agricoles<\/a><\/li>\n<li><a href=\"https:\/\/www.legifrance.gouv.fr\/jorf\/id\/JORFTEXT000053613373\" target=\"_blank\" rel=\"noopener\">D\u00e9cret no 2026-152 du 3 mars 2026 relatif aux modalit\u00e9s de d\u00e9termination de l&rsquo;effectif de l&rsquo;\u00e9quipe pluridisciplinaire de sant\u00e9 au travail des services de sant\u00e9 en agriculture<\/a><\/li>\n<\/ul>\n<\/div>\n<p><a href=\"https:\/\/www.weblex.fr\/weblex-actualite\/prevention-de-la-sante-au-travail-quelles-evolutions-pour-le-secteur-agricole\" target=\"_blank\" rel=\"noopener\">Pr\u00e9vention de la sant\u00e9 au travail : quelles \u00e9volutions pour le secteur agricole ?<\/a> &#8211; \u00a9 Copyright WebLex<\/p>\n<p><img src=\"https:\/\/www.weblex.fr\/sites\/default\/files\/actualites\/images\/Shutterstock_santetravailleursagri.jpg\"><\/p>\n","protected":false},"excerpt":{"rendered":"<p>Plusieurs r\u00e8gles applicables aux travailleurs agricoles sont ajust\u00e9es afin d\u2019aligner certaines pratiques sur le droit commun et de simplifier l\u2019organisation des services de sant\u00e9 au travail. Tour d\u2019horizon des principales nouveaut\u00e9s \u00e0 retenir.<\/p>\n","protected":false},"featured_media":118097,"template":"","weblex-importer-activity":[],"weblex-importer-category":[62,65],"weblex-importer-tag":[198],"weblex-importer-keyword":[],"_links":{"self":[{"href":"https:\/\/www.secvergnaud.com\/index.php\/wp-json\/wp\/v2\/weblex-importer-post\/118096"}],"collection":[{"href":"https:\/\/www.secvergnaud.com\/index.php\/wp-json\/wp\/v2\/weblex-importer-post"}],"about":[{"href":"https:\/\/www.secvergnaud.com\/index.php\/wp-json\/wp\/v2\/types\/weblex-importer-post"}],"wp:featuredmedia":[{"embeddable":true,"href":"https:\/\/www.secvergnaud.com\/index.php\/wp-json\/wp\/v2\/media\/118097"}],"wp:attachment":[{"href":"https:\/\/www.secvergnaud.com\/index.php\/wp-json\/wp\/v2\/media?parent=118096"}],"wp:term":[{"taxonomy":"weblex-importer-activity","embeddable":true,"href":"https:\/\/www.secvergnaud.com\/index.php\/wp-json\/wp\/v2\/weblex-importer-activity?post=118096"},{"taxonomy":"weblex-importer-category","embeddable":true,"href":"https:\/\/www.secvergnaud.com\/index.php\/wp-json\/wp\/v2\/weblex-importer-category?post=118096"},{"taxonomy":"weblex-importer-tag","embeddable":true,"href":"https:\/\/www.secvergnaud.com\/index.php\/wp-json\/wp\/v2\/weblex-importer-tag?post=118096"},{"taxonomy":"weblex-importer-keyword","embeddable":true,"href":"https:\/\/www.secvergnaud.com\/index.php\/wp-json\/wp\/v2\/weblex-importer-keyword?post=118096"}],"curies":[{"name":"wp","href":"https:\/\/api.w.org\/{rel}","templated":true}]}}