{"id":118074,"date":"2026-03-10T00:00:00","date_gmt":"2026-03-09T23:00:00","guid":{"rendered":"https:\/\/www.secvergnaud.com\/index.php\/les-infos-du-jour\/bonus-malus-assurance-chomage-nouveaux-taux\/"},"modified":"2026-03-10T00:00:00","modified_gmt":"2026-03-09T23:00:00","slug":"bonus-malus-assurance-chomage-nouveaux-taux","status":"publish","type":"weblex-importer-post","link":"https:\/\/www.secvergnaud.com\/index.php\/les-infos-du-jour\/bonus-malus-assurance-chomage-nouveaux-taux\/","title":{"rendered":"Bonus-malus assurance ch\u00f4mage : nouveaux taux !"},"content":{"rendered":"<p>La 5e p\u00e9riode de modulation du dispositif de bonus-malus sur la contribution d\u2019assurance ch\u00f4mage est entr\u00e9e en vigueur le 1er mars 2026. Les entreprises concern\u00e9es peuvent consulter leur taux modul\u00e9 via la DSN : comment ?<\/p>\n<h2>Bonus-malus ch\u00f4mage : les taux modul\u00e9s pour le 5e cycle de modulation sont disponibles !<\/h2>\n<p>Pour m\u00e9moire, le bonus-malus sur la contribution d\u2019assurance ch\u00f4mage permet d\u2019ajuster le taux de cotisation ch\u00f4mage de l\u2019employeur en fonction de l\u2019imputabilit\u00e9 des ruptures de contrats.<\/p>\n<p>Les entreprises qui g\u00e9n\u00e8rent moins de ruptures de contrats que la moyenne de leur secteur peuvent b\u00e9n\u00e9ficier d\u2019un taux r\u00e9duit (bonus), tandis que celles qui en g\u00e9n\u00e8rent davantage peuvent se voir appliquer un taux major\u00e9 (malus).<\/p>\n<p>La 5e p\u00e9riode de modulation du taux de contribution d\u2019assurance ch\u00f4mage au titre du dispositif de bonus-malus d\u00e9bute le 1er mars 2026 et s\u2019ach\u00e8vera le 28 f\u00e9vrier 2027.<\/p>\n<p>Elle concerne les entreprises d\u2019au moins 11 salari\u00e9s relevant de certains secteurs d\u2019activit\u00e9.<\/p>\n<p>Rappelons que, pour cette nouvelle p\u00e9riode, 6 secteurs sont concern\u00e9s (contre 7 pr\u00e9c\u00e9demment) \u00e0 savoir :<\/p>\n<ul>\n<li>la fabrication de denr\u00e9es alimentaires, de boissons et de produits \u00e0 base de tabac ;<\/li>\n<li>la production et distribution d\u2019eau, assainissement, gestion des d\u00e9chets et d\u00e9pollution ;<\/li>\n<li>les autres activit\u00e9s sp\u00e9cialis\u00e9es, scientifiques et techniques ;<\/li>\n<li>l\u2019h\u00e9bergement et la restauration ;<\/li>\n<li>les transports et l\u2019entreposage ;<\/li>\n<li>la fabrication de produits en caoutchouc, en plastique et les autres produits min\u00e9raux non m\u00e9talliques.&nbsp;<\/li>\n<\/ul>\n<p>L\u2019effectif de l\u2019entreprise est calcul\u00e9 sur la moyenne mensuelle des salari\u00e9s employ\u00e9s entre le 1er janvier et le 31 d\u00e9cembre 2025.<\/p>\n<p>Le taux modul\u00e9 applicable a \u00e9t\u00e9 mis \u00e0 disposition des entreprises le 26 f\u00e9vrier 2026 via le compte rendu m\u00e9tier DSN \u00ab Bonus-malus \u00bb no 117.<\/p>\n<p>Les Urssaf (ou la MSA pour le secteur agricole) doivent notifier officiellement \u00e0 chaque employeur son taux de s\u00e9paration et le taux de contribution correspondant au plus tard le 15 mars 2026.<\/p>\n<p>Le taux appliqu\u00e9 d\u00e9pend du taux de s\u00e9paration de l\u2019entreprise, compar\u00e9 au taux m\u00e9dian de sa subdivision de secteur d\u2019activit\u00e9 :<\/p>\n<ul>\n<li>lorsque le taux de s\u00e9paration de l\u2019entreprise est inf\u00e9rieur au taux m\u00e9dian, le taux d\u2019assurance ch\u00f4mage est minor\u00e9, sans pouvoir \u00eatre inf\u00e9rieur \u00e0 2,95 % ;<\/li>\n<li>lorsqu\u2019il est sup\u00e9rieur au taux m\u00e9dian, le taux d\u2019assurance ch\u00f4mage est major\u00e9, sans pouvoir exc\u00e9der 5 % ;<\/li>\n<li>lorsqu\u2019il est \u00e9gal au taux m\u00e9dian, le taux d\u2019assurance ch\u00f4mage de r\u00e9f\u00e9rence de 4,00 % s\u2019applique.<\/li>\n<\/ul>\n<p>Notez que l\u2019ensemble des taux de s\u00e9paration m\u00e9dian par secteur d\u2019activit\u00e9 est consultable <a href=\"https:\/\/www.unedic.org\/ged\/documents\/circulars\/pdf\/CIRCULAIRE%20n%202026-02%20du%2026%20f%C3%A9vrier%202026.pdf\" target=\"_blank\" rel=\"noopener\">ici<\/a>.<\/p>\n<p>Rappelons que le taux de s\u00e9paration de l\u2019entreprise est d\u00e9termin\u00e9 en tenant compte des fins de contrat intervenues entre le 1er janvier 2023 et le 31 d\u00e9cembre 2025.&nbsp;<\/p>\n<p>Cette modulation est la 1re r\u00e9alis\u00e9e en ann\u00e9e civile, sur la base des donn\u00e9es des 3 ann\u00e9es civiles pr\u00e9c\u00e9dentes.<\/p>\n<div>Sources :  <\/p>\n<ul>\n<li><a href=\"https:\/\/www.unedic.org\/ged\/documents\/circulars\/pdf\/CIRCULAIRE%20n%202026-02%20du%2026%20f%C3%A9vrier%202026.pdf\" target=\"_blank\" rel=\"noopener\">Circulaire Unedic no 2026-02 du 26 f\u00e9vrier 2026 \u00ab Taux de s\u00e9paration m\u00e9dians par subdivision de secteur pris en compte pour la p\u00e9riode d\u2019emploi courant du 1er mars 2026 au 28 f\u00e9vrier 2027 \u00bb<\/a><\/li>\n<li><a href=\"https:\/\/www.net-entreprises.fr\/bonus-malus-sur-la-contribution-assurance-chomage-les-nouveaux-taux-modules-2026-sont-disponibles\/\" target=\"_blank\" rel=\"noopener\">Actualit\u00e9 net-entreprises \u00ab Bonus-malus sur la contribution assurance ch\u00f4mage : les nouveaux taux modul\u00e9s 2026 sont disponibles \u00bb publi\u00e9e le 27 f\u00e9vrier 2026<\/a><\/li>\n<\/ul>\n<\/div>\n<p><a href=\"https:\/\/www.weblex.fr\/weblex-actualite\/bonus-malus-assurance-chomage-nouveaux-taux\" target=\"_blank\" rel=\"noopener\">Bonus-malus assurance ch\u00f4mage : nouveaux taux !<\/a> &#8211; \u00a9 Copyright WebLex<\/p>\n<p><img src=\"https:\/\/www.weblex.fr\/sites\/default\/files\/actualites\/images\/Shutterstock_bonusmaluschomage.jpg\"><\/p>\n","protected":false},"excerpt":{"rendered":"<p>La 5e p\u00e9riode de modulation du dispositif de bonus-malus sur la contribution d\u2019assurance ch\u00f4mage est entr\u00e9e en vigueur le 1er mars 2026. Les entreprises concern\u00e9es peuvent consulter leur taux modul\u00e9 via la DSN : comment ?<\/p>\n","protected":false},"featured_media":118075,"template":"","weblex-importer-activity":[],"weblex-importer-category":[62,65],"weblex-importer-tag":[198],"weblex-importer-keyword":[],"_links":{"self":[{"href":"https:\/\/www.secvergnaud.com\/index.php\/wp-json\/wp\/v2\/weblex-importer-post\/118074"}],"collection":[{"href":"https:\/\/www.secvergnaud.com\/index.php\/wp-json\/wp\/v2\/weblex-importer-post"}],"about":[{"href":"https:\/\/www.secvergnaud.com\/index.php\/wp-json\/wp\/v2\/types\/weblex-importer-post"}],"wp:featuredmedia":[{"embeddable":true,"href":"https:\/\/www.secvergnaud.com\/index.php\/wp-json\/wp\/v2\/media\/118075"}],"wp:attachment":[{"href":"https:\/\/www.secvergnaud.com\/index.php\/wp-json\/wp\/v2\/media?parent=118074"}],"wp:term":[{"taxonomy":"weblex-importer-activity","embeddable":true,"href":"https:\/\/www.secvergnaud.com\/index.php\/wp-json\/wp\/v2\/weblex-importer-activity?post=118074"},{"taxonomy":"weblex-importer-category","embeddable":true,"href":"https:\/\/www.secvergnaud.com\/index.php\/wp-json\/wp\/v2\/weblex-importer-category?post=118074"},{"taxonomy":"weblex-importer-tag","embeddable":true,"href":"https:\/\/www.secvergnaud.com\/index.php\/wp-json\/wp\/v2\/weblex-importer-tag?post=118074"},{"taxonomy":"weblex-importer-keyword","embeddable":true,"href":"https:\/\/www.secvergnaud.com\/index.php\/wp-json\/wp\/v2\/weblex-importer-keyword?post=118074"}],"curies":[{"name":"wp","href":"https:\/\/api.w.org\/{rel}","templated":true}]}}