{"id":118066,"date":"2026-03-11T00:00:00","date_gmt":"2026-03-10T23:00:00","guid":{"rendered":"https:\/\/www.secvergnaud.com\/index.php\/les-infos-du-jour\/opco-un-encadrement-renforce-des-frais-de-fonctionnement\/"},"modified":"2026-03-11T00:00:00","modified_gmt":"2026-03-10T23:00:00","slug":"opco-un-encadrement-renforce-des-frais-de-fonctionnement","status":"publish","type":"weblex-importer-post","link":"https:\/\/www.secvergnaud.com\/index.php\/les-infos-du-jour\/opco-un-encadrement-renforce-des-frais-de-fonctionnement\/","title":{"rendered":"OPCO : un encadrement renforc\u00e9 des frais de fonctionnement"},"content":{"rendered":"<p>Les modalit\u00e9s de fonctionnement des op\u00e9rateurs de comp\u00e9tences (OPCO), qui accompagnent les entreprises en mati\u00e8re de formation professionnelle, \u00e9voluent. L\u2019objectif est de mieux encadrer leurs frais et d\u2019am\u00e9liorer la visibilit\u00e9 sur l\u2019utilisation des fonds consacr\u00e9s \u00e0 la formation. Quel impact cette rationalisation peut-elle avoir pour les entreprises ?<\/p>\n<h2>Financement des OPCO : un accent mis sur la transparence des frais<\/h2>\n<p>Pour m\u00e9moire, les op\u00e9rateurs de comp\u00e9tences (OPCO) accompagnent les branches professionnelles et les entreprises dans le financement et la mise en \u0153uvre des actions de formation professionnelle.<\/p>\n<p>\u00c0 ce titre, ils g\u00e8rent des fonds issus notamment des contributions obligatoires vers\u00e9es par les entreprises, redistribu\u00e9es via France comp\u00e9tences.<\/p>\n<p>Dans un contexte budg\u00e9taire contraint, les pouvoirs publics cherchent d\u00e9sormais \u00e0 mieux ma\u00eetriser les co\u00fbts de fonctionnement de ces organismes.<\/p>\n<p>L\u2019objectif affich\u00e9 est de rationaliser leur organisation tout en veillant \u00e0 ce qu\u2019une part plus importante des fonds b\u00e9n\u00e9ficie directement au financement des actions de formation.<\/p>\n<p>Dans cette logique et depuis le 1er mars 2026, certaines d\u00e9penses sont d\u00e9sormais clairement identifi\u00e9es comme des frais de gestion.<\/p>\n<p>C\u2019est notamment le cas des co\u00fbts li\u00e9s au traitement et au suivi des dossiers d\u2019apprentissage et de professionnalisation, ainsi que des d\u00e9penses engag\u00e9es pour contr\u00f4ler la r\u00e9alisation et la qualit\u00e9 des actions de formation.<\/p>\n<p>Ces frais font partie des d\u00e9penses dont le montant est encadr\u00e9 dans les conventions conclues entre les OPCO et l\u2019\u00c9tat.<\/p>\n<p>Par ailleurs, toujours \u00e0 compter du 1er mars 2026, davantage d\u2019informations devront \u00eatre communiqu\u00e9es sur le fonctionnement des op\u00e9rateurs. Les OPCO seront notamment tenus de :<\/p>\n<ul>\n<li>pr\u00e9ciser les services propos\u00e9s aux entreprises et aux branches professionnelles ;<\/li>\n<li>pr\u00e9senter l\u2019\u00e9volution pr\u00e9visionnelle de leurs effectifs et de leur masse salariale ;<\/li>\n<li>transmettre certaines donn\u00e9es relatives aux r\u00e9mun\u00e9rations les plus \u00e9lev\u00e9es.<\/li>\n<\/ul>\n<p>Les modalit\u00e9s de limitation des d\u00e9penses \u00e9voluent \u00e9galement. Les frais de gestion, d\u2019information et de mission feront d\u00e9sormais l\u2019objet de plafonds clairement d\u00e9finis.<\/p>\n<p>Une certaine souplesse est toutefois pr\u00e9vue : les d\u00e9penses li\u00e9es aux missions des OPCO pourront \u00eatre augment\u00e9es \u00e0 condition qu\u2019une r\u00e9duction \u00e9quivalente soit r\u00e9alis\u00e9e sur les frais de gestion.<\/p>\n<p>Enfin, les r\u00e8gles d\u2019utilisation de la dotation destin\u00e9e au financement de l\u2019alternance \u00e9voluent \u00e9galement.<\/p>\n<p>La part minimale de ces fonds que les OPCO doivent consacrer \u00e0 la prise en charge des contrats d\u2019alternance et de leurs frais annexes est ainsi port\u00e9e de 92 % \u00e0 95 %.<\/p>\n<p>L\u2019objectif est de garantir qu\u2019une part plus importante des financements b\u00e9n\u00e9ficie directement au financement des contrats d\u2019apprentissage et de professionnalisation.<\/p>\n<p>Enfin, le respect des plafonds de d\u00e9penses sera d\u00e9sormais appr\u00e9ci\u00e9 sur plusieurs ann\u00e9es et non plus uniquement sur une base annuelle, afin de permettre un pilotage plus global et plus durable des d\u00e9penses.<\/p>\n<div>Sources :  <\/p>\n<ul>\n<li><a href=\"https:\/\/www.legifrance.gouv.fr\/jorf\/id\/JORFTEXT000053509827\" target=\"_blank\" rel=\"noopener\">D\u00e9cret no 2026-104 du 19 f\u00e9vrier 2026 relatif au financement de l&rsquo;alternance par France comp\u00e9tences<\/a><\/li>\n<li><a href=\"https:\/\/www.legifrance.gouv.fr\/jorf\/id\/JORFTEXT000053593747\" target=\"_blank\" rel=\"noopener\">D\u00e9cret no 2026-133 du 27 f\u00e9vrier 2026 relatif \u00e0 l&rsquo;encadrement des frais de gestion, d&rsquo;information et de missions des op\u00e9rateurs de comp\u00e9tences<\/a><\/li>\n<li><a href=\"https:\/\/www.legifrance.gouv.fr\/jorf\/id\/JORFTEXT000053593754\" target=\"_blank\" rel=\"noopener\">D\u00e9cret no 2026-134 du 27 f\u00e9vrier 2026 relatif aux modalit\u00e9s de plafonnement des frais de gestion, d&rsquo;information et de mission des op\u00e9rateurs de comp\u00e9tences<\/a><\/li>\n<\/ul>\n<\/div>\n<p><a href=\"https:\/\/www.weblex.fr\/weblex-actualite\/opco-un-encadrement-renforce-des-frais-de-fonctionnement\" target=\"_blank\" rel=\"noopener\">OPCO : un encadrement renforc\u00e9 des frais de fonctionnement <\/a> &#8211; \u00a9 Copyright WebLex<\/p>\n<p><img src=\"https:\/\/www.weblex.fr\/sites\/default\/files\/actualites\/images\/Shutterstock_opco.jpg\"><\/p>\n","protected":false},"excerpt":{"rendered":"<p>Les modalit\u00e9s de fonctionnement des op\u00e9rateurs de comp\u00e9tences (OPCO), qui accompagnent les entreprises en mati\u00e8re de formation professionnelle, \u00e9voluent. L\u2019objectif est de mieux encadrer leurs frais et d\u2019am\u00e9liorer la visibilit\u00e9 sur l\u2019utilisation des fonds consacr\u00e9s \u00e0 la formation. Quel impact cette rationalisation peut-elle avoir pour les entreprises ?<\/p>\n","protected":false},"featured_media":118067,"template":"","weblex-importer-activity":[],"weblex-importer-category":[62,65],"weblex-importer-tag":[198],"weblex-importer-keyword":[],"_links":{"self":[{"href":"https:\/\/www.secvergnaud.com\/index.php\/wp-json\/wp\/v2\/weblex-importer-post\/118066"}],"collection":[{"href":"https:\/\/www.secvergnaud.com\/index.php\/wp-json\/wp\/v2\/weblex-importer-post"}],"about":[{"href":"https:\/\/www.secvergnaud.com\/index.php\/wp-json\/wp\/v2\/types\/weblex-importer-post"}],"wp:featuredmedia":[{"embeddable":true,"href":"https:\/\/www.secvergnaud.com\/index.php\/wp-json\/wp\/v2\/media\/118067"}],"wp:attachment":[{"href":"https:\/\/www.secvergnaud.com\/index.php\/wp-json\/wp\/v2\/media?parent=118066"}],"wp:term":[{"taxonomy":"weblex-importer-activity","embeddable":true,"href":"https:\/\/www.secvergnaud.com\/index.php\/wp-json\/wp\/v2\/weblex-importer-activity?post=118066"},{"taxonomy":"weblex-importer-category","embeddable":true,"href":"https:\/\/www.secvergnaud.com\/index.php\/wp-json\/wp\/v2\/weblex-importer-category?post=118066"},{"taxonomy":"weblex-importer-tag","embeddable":true,"href":"https:\/\/www.secvergnaud.com\/index.php\/wp-json\/wp\/v2\/weblex-importer-tag?post=118066"},{"taxonomy":"weblex-importer-keyword","embeddable":true,"href":"https:\/\/www.secvergnaud.com\/index.php\/wp-json\/wp\/v2\/weblex-importer-keyword?post=118066"}],"curies":[{"name":"wp","href":"https:\/\/api.w.org\/{rel}","templated":true}]}}