{"id":117887,"date":"2026-02-24T00:00:00","date_gmt":"2026-02-23T23:00:00","guid":{"rendered":"https:\/\/www.secvergnaud.com\/index.php\/les-infos-du-jour\/impots-et-taxes-pour-lindustrie-ce-qui-va-changer-en-2026-2\/"},"modified":"2026-02-24T00:00:00","modified_gmt":"2026-02-23T23:00:00","slug":"impots-et-taxes-pour-lindustrie-ce-qui-va-changer-en-2026-2","status":"publish","type":"weblex-importer-post","link":"https:\/\/www.secvergnaud.com\/index.php\/les-infos-du-jour\/impots-et-taxes-pour-lindustrie-ce-qui-va-changer-en-2026-2\/","title":{"rendered":"Imp\u00f4ts et taxes pour l\u2019industrie : ce qui va changer en 2026"},"content":{"rendered":"<p>Parmi les mesures adopt\u00e9es dans le cadre de la loi de finances pour 2026, plusieurs dispositions viennent cr\u00e9er, am\u00e9nager, proroger des dispositifs fiscaux qui int\u00e9ressent sp\u00e9cialement le secteur industriel. Voici un panorama rapide des mesures essentielles \u00e0 retenir \u00e0 ce sujet\u2026<\/p>\n<h2>Cr\u00e9dit d&rsquo;imp\u00f4t au titre des investissements dans l\u2019industrie verte<\/h2>\n<p>Le cr\u00e9dit d\u2019imp\u00f4t au titre des investissements dans l\u2019industrie verte (C3IV) fait l\u2019objet d\u2019am\u00e9nagements dans le cadre de la loi de finances pour 2026, que ce soit \u00e0 propos des conditions que doivent remplir les entreprises \u00e9ligibles, des activit\u00e9s \u00e9ligibles, du taux et des modalit\u00e9s de mise en place de ce cr\u00e9dit d\u2019imp\u00f4t.<\/p>\n<p>Il faut notamment noter que le taux du cr\u00e9dit d\u2019imp\u00f4t est abaiss\u00e9 \u00e0 15 % (au lieu de 20 %) et qu\u2019il est port\u00e9 \u00e0 20 % ou 35 %, selon les cas, pour les investissements r\u00e9alis\u00e9s dans les zones d\u00e9sign\u00e9es sur la carte des aides \u00e0 finalit\u00e9 r\u00e9gionale (approuv\u00e9e par la Commission europ\u00e9enne), dans sa version en vigueur \u00e0 la date d\u2019octroi de l\u2019aide.<\/p>\n<p>Par ailleurs, il faut noter que le b\u00e9n\u00e9fice du cr\u00e9dit d&rsquo;imp\u00f4t est subordonn\u00e9 \u00e0 la d\u00e9livrance d&rsquo;un agr\u00e9ment pr\u00e9alable du ministre charg\u00e9 du budget portant sur le plan d&rsquo;investissement de l&rsquo;entreprise, lequel doit pr\u00e9voir, pr\u00e9cise la loi de finances pour 2026, que la r\u00e9alisation des activit\u00e9s r\u00e9ponde aux exigences techniques requises, sur avis conforme des autorit\u00e9s comp\u00e9tentes, de son ad\u00e9quation avec les besoins des secteurs d\u2019activit\u00e9 \u00e9ligibles, de son incidence sur la cha\u00eene d\u2019approvisionnement des activit\u00e9s \u00e9ligibles.<\/p>\n<p>En outre, alors que les aides publiques re\u00e7ues au titre des d\u00e9penses ouvrant droit au cr\u00e9dit d&rsquo;imp\u00f4t devaient \u00eatre d\u00e9duites de la base de calcul du cr\u00e9dit d\u2019imp\u00f4t, la loi de finances pour 2026 supprime cette obligation.<\/p>\n<p>Enfin, la loi de finances pour 2026 pr\u00e9cise que le cr\u00e9dit d\u2019imp\u00f4t peut \u00eatre cumul\u00e9 avec toute autre aide d\u2019\u00c9tat ou combin\u00e9 avec des fonds de l\u2019Union g\u00e9r\u00e9s de mani\u00e8re centralis\u00e9e, lorsque ces aides ne sont pas destin\u00e9es \u00e0 soutenir directement les d\u00e9penses suivantes :<\/p>\n<ul>\n<li>les b\u00e2timents, les installations, les \u00e9quipements, les machines et les terrains d&rsquo;assise n\u00e9cessaires au fonctionnement de ces derniers \u00e9quipements, sous r\u00e9serve d&rsquo;\u00eatre acquis aupr\u00e8s d&rsquo;un tiers qui n&rsquo;est pas li\u00e9 ;<\/li>\n<li>les droits de brevet, les licences, les savoir-faire ou les autres droits de propri\u00e9t\u00e9 intellectuelle ;<\/li>\n<li>les autorisations d&rsquo;occupation temporaire du domaine public constitutives d&rsquo;un droit r\u00e9el.<br \/>&nbsp;<\/li>\n<\/ul>\n<h2>Valeurs locatives des b\u00e2timents industriels<\/h2>\n<p>La loi de finances pour 2026 pr\u00e9cise qu\u2019\u00e0 compter de 2027, les valeurs locatives fonci\u00e8res des b\u00e2timents et des terrains industriels \u00e9valu\u00e9s selon la m\u00e9thode comptable (par application de taux d\u2019int\u00e9r\u00eat au prix de revient de leurs diff\u00e9rents \u00e9l\u00e9ments) sont major\u00e9es chaque ann\u00e9e par application d\u2019un coefficient \u00e9gal \u00e0 la moyenne nationale des coefficients d\u2019\u00e9volution d\u00e9partementaux des loyers appliqu\u00e9s cette m\u00eame ann\u00e9e.<\/p>\n<h2>Cong\u00e9 d\u2019accompagnement sp\u00e9cifique pour le maintien dans l\u2019emploi des salari\u00e9s seniors du secteur imprimerie<\/h2>\n<p>La fili\u00e8re des imprimeries qui fabriquent la presse quotidienne traverse des restructurations importantes, avec des suppressions d\u2019emplois li\u00e9es \u00e0 l\u2019\u00e9volution du secteur.<\/p>\n<p>La loi de finances met en place un dispositif qui vise \u00e0 \u00e9viter des sorties brutales de l\u2019emploi pour ces salari\u00e9s proches de la retraite, tout en s\u00e9curisant juridiquement les plans de restructuration des entreprises concern\u00e9es, avec un accompagnement financier de l\u2019\u00c9tat.<\/p>\n<p>Peuvent b\u00e9n\u00e9ficier d\u2019un cong\u00e9 d\u2019accompagnement sp\u00e9cifique uniquement les salari\u00e9s qui r\u00e9pondent cumulativement aux conditions suivantes :<\/p>\n<ul>\n<li>\u00eatre embauch\u00e9 en CDI ;<\/li>\n<li>\u00eatre \u00e2g\u00e9 de plus de 59 ans au moment de la validation d\u2019un plan de sauvegarde de l\u2019emploi ou d\u2019un accord de rupture conventionnelle collective ;<\/li>\n<li>atteindre l\u2019\u00e2ge de la retraite \u00e0 taux plein au plus tard \u00e0 la fin du dispositif ;<\/li>\n<li>occuper un emploi figurant sur une liste fix\u00e9e par l\u2019\u00c9tat ;<\/li>\n<li>et travailler dans une entreprise d\u2019imprimerie participant \u00e0 la fabrication de la presse quotidienne, ayant sign\u00e9 un accord avec l\u2019\u00c9tat.<\/li>\n<\/ul>\n<p>L\u2019entreprise ne peut utiliser ce dispositif que si elle propose :<\/p>\n<ul>\n<li>soit un cong\u00e9 de reclassement ;<\/li>\n<li>soit un cong\u00e9 de mobilit\u00e9, dans le cadre d\u2019une restructuration encadr\u00e9e (plan de sauvegarde de l\u2019emploi ou rupture conventionnelle collective).<\/li>\n<\/ul>\n<p>Si, \u00e0 l\u2019issue du cong\u00e9 de reclassement ou de mobilit\u00e9, le salari\u00e9 n\u2019a pas retrouv\u00e9 d\u2019emploi et n\u2019a pas encore droit \u00e0 une retraite \u00e0 taux plein, il basculera alors dans un cong\u00e9 d\u2019accompagnement sp\u00e9cifique, instaur\u00e9 par la loi de finances pour 2026, d\u2019une dur\u00e9e maximale totale de 36 mois.<\/p>\n<p>Pendant ce cong\u00e9, le contrat de travail du salari\u00e9 est suspendu et la rupture de son contrat est repouss\u00e9e jusqu\u2019\u00e0 la fin du dispositif. Toujours pendant ce cong\u00e9, le salari\u00e9 peut suivre des formations ou une validation des acquis de l\u2019exp\u00e9rience et\/ou b\u00e9n\u00e9ficier d\u2019un accompagnement \u00e0 la recherche d\u2019emploi.<\/p>\n<p>Le salari\u00e9 per\u00e7oit une allocation mensuelle, vers\u00e9e par l\u2019employeur et prise en charge par l\u2019\u00c9tat apr\u00e8s agr\u00e9ment, calcul\u00e9e selon un pourcentage de son salaire brut moyen des 12 derniers mois (pourcentage qui reste \u00e0 fixer par d\u00e9cret).<\/p>\n<p>Le cong\u00e9 prend fin :<\/p>\n<ul>\n<li>\u00e0 la demande du salari\u00e9 ;<\/li>\n<li>lorsqu\u2019il atteint la retraite \u00e0 taux plein ;<\/li>\n<li>lorsqu\u2019il retrouve un emploi ;<\/li>\n<li>ou en cas de manquement grave \u00e0 ses obligations.<br \/>&nbsp;<\/li>\n<\/ul>\n<h2>Mesures et taxes diverses<\/h2>\n<h3>Taxe sur les d\u00e9chets<\/h3>\n<p>La loi de finances pour 2026 int\u00e8gre dans le code des impositions sur les biens et services la taxe sur les d\u00e9chets mis en d\u00e9charge et la taxe sur les d\u00e9chets incin\u00e9r\u00e9s, en apportant des am\u00e9nagements techniques applicables \u00e0 partir du 1er mars 2026.<\/p>\n<h3>Redevances des agences de l\u2019eau<\/h3>\n<p>En application du principe de pr\u00e9vention et du principe de r\u00e9paration des dommages \u00e0 l&rsquo;environnement, l&rsquo;agence de l&rsquo;eau \u00e9tablit et per\u00e7oit aupr\u00e8s des personnes publiques ou priv\u00e9es des redevances pour atteintes aux ressources en eau, au milieu marin et \u00e0 la biodiversit\u00e9, en particulier des redevances pour pollution de l&rsquo;eau, sur la consommation d&rsquo;eau potable, pour la performance des r\u00e9seaux d&rsquo;eau potable, pour la performance des syst\u00e8mes d&rsquo;assainissement collectif, pour pollutions diffuses, pour pr\u00e9l\u00e8vement sur la ressource en eau, pour stockage d&rsquo;eau en p\u00e9riode d&rsquo;\u00e9tiage, cyn\u00e9g\u00e9tique et pour protection du milieu aquatique.<\/p>\n<p>La loi de finances pour 2026 apporte des am\u00e9nagements techniques aux dispositions applicables \u00e0 ces redevances, \u00e0 partir du 1er mars 2026.<\/p>\n<h3>Redevances d\u00e9partementales et communales des mines<\/h3>\n<p>La fiscalit\u00e9 des mines est actuellement compos\u00e9e de la redevance communale des mines, de la redevance d\u00e9partementale des mines et de la taxe sp\u00e9ciale sur l\u2019or en Guyane.<\/p>\n<p>Les redevances d\u00e9partementales et communales des mines (RDCM) sont dues par les concessionnaires de mines, les amodiataires (personnes \u00e0 qui a \u00e9t\u00e9 confi\u00e9e l\u2019exploitation d\u2019une mine par un concessionnaire) et sous amodiataires des concessions mini\u00e8res, les titulaires de permis d\u2019exploitation des mines et les explorateurs de mines de p\u00e9trole et de gaz combustibles.<\/p>\n<p>La loi de finances pour 2026 fusionne au profit des communes les 2 redevances (la redevance communale des mines et la redevance d\u00e9partementale des mines) et proc\u00e8de \u00e0 une hausse g\u00e9n\u00e9ralis\u00e9e des tarifs \u00e0 compter du 1er janvier 2026.<\/p>\n<div>Sources :  <\/p>\n<ul>\n<li><a href=\"https:\/\/www.legifrance.gouv.fr\/jorf\/id\/JORFTEXT000053508155\" target=\"_blank\" rel=\"noopener\">Loi de finances pour 2026 du 19 f\u00e9vrier 2026, no 2026-103<\/a><\/li>\n<\/ul>\n<\/div>\n<p><a href=\"https:\/\/www.weblex.fr\/weblex-actualite\/impots-et-taxes-pour-l-industrie-ce-qui-va-changer-en-2026\" target=\"_blank\" rel=\"noopener\">Imp\u00f4ts et taxes pour l\u2019industrie : ce qui va changer en 2026<\/a> &#8211; \u00a9 Copyright WebLex<\/p>\n<p><img src=\"https:\/\/www.weblex.fr\/sites\/default\/files\/actualites\/images\/Shutterstock_LFindustrie.jpg\"><\/p>\n","protected":false},"excerpt":{"rendered":"<p>Parmi les mesures adopt\u00e9es dans le cadre de la loi de finances pour 2026, plusieurs dispositions viennent cr\u00e9er, am\u00e9nager, proroger des dispositifs fiscaux qui int\u00e9ressent sp\u00e9cialement le secteur industriel. Voici un panorama rapide des mesures essentielles \u00e0 retenir \u00e0 ce sujet\u2026<\/p>\n","protected":false},"featured_media":117888,"template":"","weblex-importer-activity":[],"weblex-importer-category":[62,66],"weblex-importer-tag":[198],"weblex-importer-keyword":[],"_links":{"self":[{"href":"https:\/\/www.secvergnaud.com\/index.php\/wp-json\/wp\/v2\/weblex-importer-post\/117887"}],"collection":[{"href":"https:\/\/www.secvergnaud.com\/index.php\/wp-json\/wp\/v2\/weblex-importer-post"}],"about":[{"href":"https:\/\/www.secvergnaud.com\/index.php\/wp-json\/wp\/v2\/types\/weblex-importer-post"}],"wp:featuredmedia":[{"embeddable":true,"href":"https:\/\/www.secvergnaud.com\/index.php\/wp-json\/wp\/v2\/media\/117888"}],"wp:attachment":[{"href":"https:\/\/www.secvergnaud.com\/index.php\/wp-json\/wp\/v2\/media?parent=117887"}],"wp:term":[{"taxonomy":"weblex-importer-activity","embeddable":true,"href":"https:\/\/www.secvergnaud.com\/index.php\/wp-json\/wp\/v2\/weblex-importer-activity?post=117887"},{"taxonomy":"weblex-importer-category","embeddable":true,"href":"https:\/\/www.secvergnaud.com\/index.php\/wp-json\/wp\/v2\/weblex-importer-category?post=117887"},{"taxonomy":"weblex-importer-tag","embeddable":true,"href":"https:\/\/www.secvergnaud.com\/index.php\/wp-json\/wp\/v2\/weblex-importer-tag?post=117887"},{"taxonomy":"weblex-importer-keyword","embeddable":true,"href":"https:\/\/www.secvergnaud.com\/index.php\/wp-json\/wp\/v2\/weblex-importer-keyword?post=117887"}],"curies":[{"name":"wp","href":"https:\/\/api.w.org\/{rel}","templated":true}]}}