{"id":117875,"date":"2026-02-25T00:00:00","date_gmt":"2026-02-24T23:00:00","guid":{"rendered":"https:\/\/www.secvergnaud.com\/index.php\/les-infos-du-jour\/professionnels-du-droit-du-chiffre-et-de-la-finance-ce-qui-va-changer-en-2026-2\/"},"modified":"2026-02-25T00:00:00","modified_gmt":"2026-02-24T23:00:00","slug":"professionnels-du-droit-du-chiffre-et-de-la-finance-ce-qui-va-changer-en-2026-2","status":"publish","type":"weblex-importer-post","link":"https:\/\/www.secvergnaud.com\/index.php\/les-infos-du-jour\/professionnels-du-droit-du-chiffre-et-de-la-finance-ce-qui-va-changer-en-2026-2\/","title":{"rendered":"Professionnels du droit, du chiffre et de la finance : ce qui va changer en 2026"},"content":{"rendered":"<p>Des mesures sp\u00e9cifiques de la loi de finances pour 2026 sont susceptibles d\u2019int\u00e9resser tout sp\u00e9cialement les professionnels du droit, du chiffre ou de la finance. Au menu : aide juridictionnelle, taxe sur les conventions d\u2019assurance, assurance des dommages \u00ab \u00e9meutes \u00bb, paiement des rentes viag\u00e8res, am\u00e9nagements techniques de l\u2019imposition minimale mondiale des groupes, etc.<\/p>\n<h2>Pour les professionnels du droit et du chiffre<\/h2>\n<h3>Imposition mondiale des groupes<\/h3>\n<p>La loi de finances pour 2024 a transpos\u00e9 en droit national la directive (UE) 2022\/2523 du Conseil du 14 d\u00e9cembre 2022 visant \u00e0 assurer un niveau minimum d\u2019imposition mondiale pour les groupes d\u2019entreprises multinationales et les groupes nationaux de grande envergure dans l\u2019Union europ\u00e9enne, en pr\u00e9voyant une imposition des entreprises multinationales dont le chiffre d\u2019affaires est sup\u00e9rieur \u00e0 750 M\u20ac au taux effectif minimal de 15 %.<\/p>\n<p>La loi de finances pour 2026 apporte des pr\u00e9cisions sur cette imposition minimale mondiale des grandes entreprises multinationales afin d\u2019int\u00e9grer les orientations administratives adopt\u00e9es par le cadre inclusif de l\u2019OCDE et du G20 le 17 juin 2024, d\u2019adapter certaines d\u00e9finitions aux sp\u00e9cificit\u00e9s de groupes fran\u00e7ais et de transposer les nouvelles obligations issues de la directive (UE) 2025\/872 du 14 avril 2025 dite \u00ab DAC 9 \u00bb.<\/p>\n<p>Sch\u00e9matiquement, la loi de finances pour 2026 :<\/p>\n<ul>\n<li>am\u00e9nage les modalit\u00e9s de r\u00e9gularisation des passifs d\u2019imp\u00f4ts diff\u00e9r\u00e9s pris en compte dans le calcul du taux effectif d\u2019imposition (TEI) ;<\/li>\n<li>adapte les d\u00e9finitions de l\u2019entit\u00e9 m\u00e8re ultime (EMU) et des \u00e9tats financiers consolid\u00e9s aux sp\u00e9cificit\u00e9s du secteur bancaire mutualiste et des groupes d\u2019assurance mutuelle \u00e9tablissant des comptes combin\u00e9s ;<\/li>\n<li>compl\u00e8te les r\u00e8gles relatives \u00e0 l\u2019imp\u00f4t national compl\u00e9mentaire (INC).<\/li>\n<\/ul>\n<p>La loi de finances pour 2026 apporte \u00e9galement des pr\u00e9cisions compl\u00e9mentaires sur :<\/p>\n<ul>\n<li>l\u2019affectation des r\u00e9sultats qualifi\u00e9s et des imp\u00f4ts concern\u00e9s des entit\u00e9s constitutives transparentes du point de vue fiscal ;<\/li>\n<li>les modalit\u00e9s d\u2019affectation des imp\u00f4ts diff\u00e9r\u00e9s entre entit\u00e9s constitutives ;<\/li>\n<li>l\u2019articulation du mod\u00e8le \u00e9conomique des v\u00e9hicules de titrisation avec l\u2019application des r\u00e8gles du \u00ab mod\u00e8le de r\u00e8gles globales anti-\u00e9rosion de la base d\u2019imposition \u00bb (GloBE), connu sous le nom de \u00ab pilier 2 \u00bb (la titrisation se d\u00e9finissant comme un m\u00e9canisme de financement qui permet \u00e0 une entit\u00e9 financi\u00e8re de refinancer des actifs peu liquides, tels que des cr\u00e9dits bancaires, en les transformant en titres financiers n\u00e9gociables) ;<\/li>\n<li>les obligations d\u00e9claratives des coentreprises.<br \/>&nbsp;<\/li>\n<\/ul>\n<h3>Aide juridictionnelle<\/h3>\n<p>La loi de finances pour 2026 instaure, sous r\u00e9serve d\u2019exceptions, un nouveau droit de timbre de 50 \u20ac pour toute requ\u00eate introduite en mati\u00e8re civile et prud\u2019homale devant un tribunal judiciaire ou un conseil de prud\u2019hommes, d\u00fb par la partie qui introduit l\u2019instance.<\/p>\n<h3>Frais de justice<\/h3>\n<p>Jusqu\u2019\u00e0 pr\u00e9sent, par principe, les frais de justice criminelle, correctionnelle et de police \u00e9taient \u00e0 la charge de l&rsquo;\u00c9tat et sans recours contre le condamn\u00e9 ou la partie civile, sauf exception.<\/p>\n<p>La loi de finances pour 2026 pr\u00e9voit que, d\u00e9sormais, ces frais de justice sont \u00e0 la charge de la personne physique ou de la personne morale condamn\u00e9e, sans recours contre la partie civile.<\/p>\n<p>La loi de finances pour 2026 pr\u00e9voit \u00e9galement que les frais de justice sont \u00e0 la charge de l\u2019\u00c9tat si la personne physique condamn\u00e9e b\u00e9n\u00e9ficie de l\u2019aide juridictionnelle ou si elle est mineure.<\/p>\n<p>Il est \u00e9galement pr\u00e9vu que les frais d\u2019interpr\u00e9tariat ne peuvent \u00eatre mis \u00e0 la charge de personnes condamn\u00e9es. Toutefois, lorsque ces frais d\u2019interpr\u00e9tariat ont \u00e9t\u00e9 engag\u00e9s pour l\u2019audience sans que la ou les personnes pr\u00e9venues concern\u00e9es aient comparu ou inform\u00e9 la juridiction de leur absence \u00e0 l\u2019audience dans un d\u00e9lai permettant de ne pas exposer ces frais, ceux-ci peuvent \u00eatre mis \u00e0 leur charge, solidairement, par la juridiction.<\/p>\n<h3>Taxes diverses<\/h3>\n<p>La d\u00e9livrance, le renouvellement et la remise de duplicatas de l\u2019ensemble des titres de s\u00e9jour (cartes de s\u00e9jour temporaires, cartes de s\u00e9jour pluriannuelles et cartes de r\u00e9sident) sont soumis \u00e0 un tarif uniforme fix\u00e9 \u00e0 200 \u20ac. Ce montant est ramen\u00e9 \u00e0 50 \u20ac, au profit de certaines cat\u00e9gories de personnes.<\/p>\n<p>La loi de finances pour 2026 maintient ces montants (tarif normal de 200 \u20ac et tarif minor\u00e9 de 50 \u20ac) pour le renouvellement des cartes de s\u00e9jour et des cartes de r\u00e9sident, mais les fixe respectivement \u00e0 300 \u20ac pour le tarif normal et \u00e0 100 \u20ac pour le tarif minor\u00e9 pour la 1\u00e8re d\u00e9livrance du titre de s\u00e9jour.<\/p>\n<p>Par ailleurs, les demandes de naturalisation, les demandes de r\u00e9int\u00e9gration dans la nationalit\u00e9 fran\u00e7aise et les d\u00e9clarations d&rsquo;acquisition de la nationalit\u00e9 fran\u00e7aise, jusqu\u2019alors soumises \u00e0 un droit de timbre de 55 \u20ac, sont d\u00e9sormais soumises \u00e0 un droit de timbre de 255 \u20ac acquitt\u00e9 par voie \u00e9lectronique.<\/p>\n<h2>Pour les professionnels de la finance<\/h2>\n<h3>Fonds commun de placement dans l\u2019innovation et fonds d\u2019investissement de proximit\u00e9<\/h3>\n<p>La loi de finances pour 2026 apporte des pr\u00e9cisions \u00e0 propos de la r\u00e9duction d\u2019imp\u00f4t sur le revenu \u00ab Madelin \u00bb, pour souscription au capital des PME, notamment s\u2019agissant des souscriptions de parts :<\/p>\n<ul>\n<li>de fonds communs de placement dans l\u2019innovation, en recentrant la r\u00e9duction d\u2019imp\u00f4t sur les parts de FCPI investies en titres de jeunes entreprises innovantes ;<\/li>\n<li>de fonds d\u2019investissement de proximit\u00e9, en assouplissant notamment les conditions relatives au quota d\u2019investissement ;<\/li>\n<li>de jeunes entreprises innovantes, en cr\u00e9ant une nouvelle cat\u00e9gorie, \u00e0 savoir les JEI \u00e0 impact, ouvrant droit \u00e0 une r\u00e9duction d\u2019imp\u00f4t sur le revenu de 40 %.<br \/>&nbsp;<\/li>\n<\/ul>\n<h3>Plan d\u2019\u00e9pargne retraite<\/h3>\n<p>La loi de finances pour 2026 supprime, pour les versements effectu\u00e9s \u00e0 compter du 1er janvier 2026, les avantages fiscaux attach\u00e9s aux versements faits au plan d\u2019\u00e9pargne retraite (PER) \u00e0 compter du 70\u00e8me anniversaire de son titulaire (corr\u00e9lativement, la fiscalit\u00e9 applicable aux prestations issues de ces versements est align\u00e9e sur celle applicable aux prestations correspondant \u00e0 des versements n\u2019ayant pas ouvert droit \u00e0 un avantage fiscal).<\/p>\n<p>Par ailleurs, elle allonge de 2 ans la dur\u00e9e d&rsquo;utilisation du plafond inemploy\u00e9 de d\u00e9duction des cotisations d&rsquo;\u00e9pargne-retraite du revenu global, qui passe ainsi de 3 ans \u00e0 5 ans.<\/p>\n<h3>Paiement des rentes viag\u00e8res<\/h3>\n<p>Toute entreprise qui paie des pensions ou rentes viag\u00e8res est tenue de d\u00e9clarer les sommes vers\u00e9es et de fournir les indications relatives aux titulaires de ces pensions ou rentes.<\/p>\n<p>La d\u00e9claration requise doit \u00eatre souscrite aupr\u00e8s de l&rsquo;administration fiscale au plus tard le 31 janvier de l&rsquo;ann\u00e9e civile suivant celle au cours de laquelle ces sommes ont \u00e9t\u00e9 vers\u00e9es.<\/p>\n<p>Cette disposition a \u00e9t\u00e9 am\u00e9nag\u00e9e \u00e0 la suite de l\u2019adoption de la loi de finances pour 2022 qui pr\u00e9voyait que l&rsquo;obligation de d\u00e9claration ne concernera d\u00e9sormais que les seules rentes viag\u00e8res \u00e0 titre on\u00e9reux.<\/p>\n<p>L&rsquo;obligation d\u00e9clarative \u00e0 accomplir devra, par voie de cons\u00e9quence, \u00eatre effectu\u00e9e au moyen de la d\u00e9claration utilis\u00e9e pour d\u00e9clarer la retenue \u00e0 la source de l&rsquo;imp\u00f4t sur le revenu.<\/p>\n<p>La date d\u2019entr\u00e9e en vigueur de ces nouvelles dispositions \u00e9tait pr\u00e9vue au 1er janvier 2023. Elle a \u00e9t\u00e9 report\u00e9e \u00e0 une date \u00e0 fixer par d\u00e9cret, et au plus tard le 1er janvier 2027.<\/p>\n<p>Mais les travaux informatiques ne pouvant aboutir avant cette date, la loi de finances pour 2026 en repousse l\u2019entr\u00e9e en vigueur au 1er janvier 2030 au plus tard.<\/p>\n<h3>Taxe sur les conventions d\u2019assurance<\/h3>\n<p>Toute convention d&rsquo;assurance conclue avec une soci\u00e9t\u00e9 ou une compagnie d&rsquo;assurances ou avec tout autre assureur fran\u00e7ais ou \u00e9tranger est soumise \u00e0 une taxe annuelle et obligatoire, quels que soient le lieu et la date auxquels elle est ou a \u00e9t\u00e9 conclue.<\/p>\n<p>La taxe est per\u00e7ue sur le montant des sommes stipul\u00e9es au profit de l&rsquo;assureur et de tous accessoires dont celui-ci b\u00e9n\u00e9ficie directement ou indirectement du fait de l&rsquo;assur\u00e9.<\/p>\n<p>Certaines conventions sont express\u00e9ment exon\u00e9r\u00e9es de cette taxe sp\u00e9ciale sur les conventions d&rsquo;assurances. Il en est ainsi notamment des assurances de groupe souscrites par un employeur public au profit d&rsquo;agents de la fonction publique de l&rsquo;\u00c9tat ou de la fonction publique territoriale au titre d&rsquo;une protection sociale compl\u00e9mentaire couvrant le risque de pr\u00e9voyance.<\/p>\n<p>La loi de finances pour 2026 ajoute que sont d\u00e9sormais \u00e9galement exon\u00e9r\u00e9es les assurances de groupe souscrites par un employeur public au profit d&rsquo;agents de la fonction publique hospitali\u00e8re au titre d&rsquo;une protection sociale compl\u00e9mentaire couvrant le risque de pr\u00e9voyance.<\/p>\n<p>Cette nouveaut\u00e9 s\u2019applique aux primes, cotisations et accessoires dus \u00e0 compter du 1er janvier 2026.<\/p>\n<h3>Assurance des dommages r\u00e9sultant d\u2019\u00e9meutes<\/h3>\n<p>La loi de finances pour 2026 pr\u00e9voit que les contrats d\u2019assurance souscrits par toute personne physique ou morale, autre que l\u2019\u00c9tat, et garantissant les dommages d\u2019incendie ou tous autres dommages \u00e0 des biens situ\u00e9s en France, ainsi que les dommages aux corps de v\u00e9hicules terrestres \u00e0 moteur, ouvrent droit \u00e0 la garantie de l\u2019assur\u00e9 contre les effets des \u00e9meutes survenues en France sur les biens faisant l\u2019objet de tels contrats.<\/p>\n<p>Parall\u00e8lement, il est institu\u00e9 un fonds de mutualisation des risques r\u00e9sultant d\u2019\u00e9meutes, auquel les entreprises d\u2019assurance peuvent c\u00e9der les risques qu\u2019elles couvrent.<\/p>\n<p>Par ailleurs, les entreprises d&rsquo;assurances et de r\u00e9assurances peuvent constituer en franchise d&rsquo;imp\u00f4t des provisions destin\u00e9es \u00e0 faire face aux charges exceptionnelles aff\u00e9rentes aux op\u00e9rations qui garantissent les risques dus \u00e0 des \u00e9l\u00e9ments naturels, le risque atomique, les risques de responsabilit\u00e9 civile dus \u00e0 la pollution, les risques spatiaux, les risques li\u00e9s aux attentats ou au terrorisme, les risques li\u00e9s au transport a\u00e9rien, ainsi que les risques dus aux atteintes aux syst\u00e8mes d&rsquo;information et de communication.<\/p>\n<p>La loi de finances pour 2026 ajoute \u00e0 cette mesure les risques li\u00e9s aux \u00e9meutes.<\/p>\n<div>Sources :  <\/p>\n<ul>\n<li><a href=\"https:\/\/www.legifrance.gouv.fr\/jorf\/id\/JORFTEXT000053508155\" target=\"_blank\" rel=\"noopener\">Loi de finances pour 2026 du 19 f\u00e9vrier 2026, no 2026-103<\/a><\/li>\n<\/ul>\n<\/div>\n<p><a href=\"https:\/\/www.weblex.fr\/weblex-actualite\/professionnels-du-droit-du-chiffre-et-de-la-finance-ce-qui-va-changer-en-2026\" target=\"_blank\" rel=\"noopener\">Professionnels du droit, du chiffre et de la finance : ce qui va changer en 2026<\/a> &#8211; \u00a9 Copyright WebLex<\/p>\n<p><img src=\"https:\/\/www.weblex.fr\/sites\/default\/files\/actualites\/images\/Shutterstock_lfdroitchiffrefrance.jpg\"><\/p>\n","protected":false},"excerpt":{"rendered":"<p>Des mesures sp\u00e9cifiques de la loi de finances pour 2026 sont susceptibles d\u2019int\u00e9resser tout sp\u00e9cialement les professionnels du droit, du chiffre ou de la finance. Au menu : aide juridictionnelle, taxe sur les conventions d\u2019assurance, assurance des dommages \u00ab \u00e9meutes \u00bb, paiement des rentes viag\u00e8res, am\u00e9nagements techniques de l\u2019imposition minimale mondiale des groupes, etc.<\/p>\n","protected":false},"featured_media":117876,"template":"","weblex-importer-activity":[],"weblex-importer-category":[62,66],"weblex-importer-tag":[198],"weblex-importer-keyword":[],"_links":{"self":[{"href":"https:\/\/www.secvergnaud.com\/index.php\/wp-json\/wp\/v2\/weblex-importer-post\/117875"}],"collection":[{"href":"https:\/\/www.secvergnaud.com\/index.php\/wp-json\/wp\/v2\/weblex-importer-post"}],"about":[{"href":"https:\/\/www.secvergnaud.com\/index.php\/wp-json\/wp\/v2\/types\/weblex-importer-post"}],"wp:featuredmedia":[{"embeddable":true,"href":"https:\/\/www.secvergnaud.com\/index.php\/wp-json\/wp\/v2\/media\/117876"}],"wp:attachment":[{"href":"https:\/\/www.secvergnaud.com\/index.php\/wp-json\/wp\/v2\/media?parent=117875"}],"wp:term":[{"taxonomy":"weblex-importer-activity","embeddable":true,"href":"https:\/\/www.secvergnaud.com\/index.php\/wp-json\/wp\/v2\/weblex-importer-activity?post=117875"},{"taxonomy":"weblex-importer-category","embeddable":true,"href":"https:\/\/www.secvergnaud.com\/index.php\/wp-json\/wp\/v2\/weblex-importer-category?post=117875"},{"taxonomy":"weblex-importer-tag","embeddable":true,"href":"https:\/\/www.secvergnaud.com\/index.php\/wp-json\/wp\/v2\/weblex-importer-tag?post=117875"},{"taxonomy":"weblex-importer-keyword","embeddable":true,"href":"https:\/\/www.secvergnaud.com\/index.php\/wp-json\/wp\/v2\/weblex-importer-keyword?post=117875"}],"curies":[{"name":"wp","href":"https:\/\/api.w.org\/{rel}","templated":true}]}}