{"id":117863,"date":"2026-03-04T00:00:00","date_gmt":"2026-03-03T23:00:00","guid":{"rendered":"https:\/\/www.secvergnaud.com\/index.php\/les-infos-du-jour\/elevages-de-nouvelles-mesures-contre-la-predation-et-les-maladies-2\/"},"modified":"2026-03-04T00:00:00","modified_gmt":"2026-03-03T23:00:00","slug":"elevages-de-nouvelles-mesures-contre-la-predation-et-les-maladies-2","status":"publish","type":"weblex-importer-post","link":"https:\/\/www.secvergnaud.com\/index.php\/les-infos-du-jour\/elevages-de-nouvelles-mesures-contre-la-predation-et-les-maladies-2\/","title":{"rendered":"\u00c9levages : de nouvelles mesures contre la pr\u00e9dation et les maladies"},"content":{"rendered":"<p>Les \u00e9leveurs sont particuli\u00e8rement expos\u00e9s aux risques de maladies et de pr\u00e9dation. C\u2019est pourquoi des mesures sont prises dans ce cadre afin d\u2019assurer une meilleure pr\u00e9vention et indemnisation de ces risques.<\/p>\n<h2>Indemnisation des attaques de loups : une nouvelle exception aux mesures pr\u00e9ventives<\/h2>\n<p>Certains pr\u00e9dateurs tels que les loups, les ours ou les lynx font l\u2019objet de protections limitant les atteintes qui peuvent leur \u00eatre port\u00e9es. Cependant, ces animaux peuvent eux-m\u00eames repr\u00e9senter un danger pour d\u2019autres esp\u00e8ces, et notamment les animaux d\u2019\u00e9levage.<\/p>\n<p>Face \u00e0 ce constat, il a \u00e9t\u00e9 d\u00e9cid\u00e9 de mettre en place un syst\u00e8me d\u2019indemnisation des \u00e9leveurs touch\u00e9s par des attaques de pr\u00e9dateurs prot\u00e9g\u00e9s.<\/p>\n<p>Cependant, le versement de ces indemnisations peut \u00eatre conditionn\u00e9 \u00e0 la mise en place par les \u00e9leveurs de mesures de pr\u00e9vention en fonction du lieu de situation de leur activit\u00e9.<\/p>\n<p>En effet, les pr\u00e9fets sont amen\u00e9s \u00e0 d\u00e9terminer sur leurs territoires des \u00ab cercles \u00bb en fonction des risques de pr\u00e9dation locaux :<\/p>\n<ul>\n<li>cercle 0 : foyers de pr\u00e9dation ;<\/li>\n<li>cercle 1 : communes dans lesquelles la pr\u00e9dation est av\u00e9r\u00e9e ;<\/li>\n<li>cercle 2 : zones o\u00f9 des actions de pr\u00e9vention sont n\u00e9cessaires du fait de la survenue possible de la pr\u00e9dation par le loup pendant l\u2019ann\u00e9e en cours ;<\/li>\n<li>cercle 3 : zones de survenue possible de la pr\u00e9dation du loup \u00e0 moyen terme.<\/li>\n<\/ul>\n<p>Au d\u00e9but de l\u2019ann\u00e9e 2026, des changements avaient \u00e9t\u00e9 op\u00e9r\u00e9s pour demander aux \u00e9leveurs en cercle 2 de mettre en place des mesures de pr\u00e9vention pour pouvoir \u00eatre indemnis\u00e9s en cas de dommages caus\u00e9s par les loups.<\/p>\n<p>Depuis le 26 f\u00e9vrier, un nouveau changement est apport\u00e9.<\/p>\n<p>Une nouvelle exception est introduite concernant la mise en place des mesures pr\u00e9ventives dans les zones consid\u00e9r\u00e9es comme en front de colonisation des loups.<\/p>\n<p>Lorsque le pr\u00e9fet coordonnateur du projet national d\u2019actions sur le loup d\u00e9signe l\u2019un de ces territoires comme pr\u00e9sentant des difficult\u00e9s importantes pour la mise en place de ces mesures, celles-ci ne sont plus un pr\u00e9requis pour le versement de l\u2019aide.<\/p>\n<h3>Destruction des loups : d\u00e9finition des limites<\/h3>\n<p>Parall\u00e8lement, de nouvelles r\u00e8gles ont \u00e9t\u00e9 publi\u00e9es d\u00e9finissant les r\u00e8gles relatives \u00e0 la destruction de loups pour la protection des troupeaux.<\/p>\n<p>En effet, le loup reste une esp\u00e8ce prot\u00e9g\u00e9e. Par cons\u00e9quent il ne peut leur \u00eatre port\u00e9 atteinte de fa\u00e7on non encadr\u00e9e, quand bien m\u00eame ils peuvent causer des dommages aux troupeaux.<\/p>\n<p>Sont donc interdits :<\/p>\n<ul>\n<li>leur destruction ;<\/li>\n<li>leur perturbation ;<\/li>\n<li>leur mutilation ;<\/li>\n<li>leur capture ;<\/li>\n<li>l\u2019alt\u00e9ration de leurs lieux de reproduction.<\/li>\n<\/ul>\n<p>Cependant, un certain niveau de destruction des loups est autoris\u00e9 annuellement pour limiter les cons\u00e9quences de la pr\u00e9dation sur les troupeaux.<\/p>\n<p>Un seuil est ainsi fix\u00e9 par ann\u00e9e civile, autorisant la destruction de 21 % de l\u2019effectif moyen estim\u00e9 de loups sur le territoire.<\/p>\n<p>Lorsque le seuil de 19 % est atteint au cours d\u2019une ann\u00e9e, les destructions de loups pour la fin de l\u2019ann\u00e9e civile se limitent uniquement aux cas de :<\/p>\n<ul>\n<li>tirs de d\u00e9fense ;<\/li>\n<li>tirs de pr\u00e9l\u00e8vement.<\/li>\n<\/ul>\n<p>En revanche, si le seuil de 21 % est atteint avant la fin de l\u2019ann\u00e9e civile, le pr\u00e9fet coordonnateur peut autoriser 2 % suppl\u00e9mentaires de destruction des loups.<\/p>\n<p>L\u2019ensemble des r\u00e8gles autorisant la destruction ou l\u2019effarouchement des loups a \u00e9t\u00e9 mis \u00e0 jour et peut \u00eatre consult\u00e9 <a href=\"https:\/\/www.legifrance.gouv.fr\/jorf\/id\/JORFTEXT000053555244\" target=\"_blank\" rel=\"noopener\">ici<\/a>.<\/p>\n<h3>Surveillance des maladies dans les \u00e9levages aviaires<\/h3>\n<p>Au-del\u00e0 des probl\u00e9matiques de pr\u00e9dation, des changements sont apport\u00e9s concernant les \u00e9leveurs de coqs dor\u00e9s ou de dindons. En effet, plusieurs r\u00e8gles \u00e9voluent concernant la gestion de la maladie de la salmonelle dans ces \u00e9levages, et notamment dans les hypoth\u00e8ses suivantes :<\/p>\n<ul>\n<li><a href=\"http:\/\/legifrance.gouv.fr\/loda\/article_lc\/LEGIARTI000053559692\" target=\"_blank\" rel=\"noopener\">les modalit\u00e9s de surveillance des infections \u00e0 Salmonella dans les troupeaux et les couvoirs ;<\/a><\/li>\n<li><a href=\"https:\/\/www.legifrance.gouv.fr\/loda\/article_lc\/LEGIARTI000053559675\" target=\"_blank\" rel=\"noopener\">les analyses et laboratoires charg\u00e9s du diagnostic des infections \u00e0 salmonelles<\/a> ;<\/li>\n<li><a href=\"https:\/\/www.legifrance.gouv.fr\/loda\/article_lc\/LEGIARTI000053559673\" target=\"_blank\" rel=\"noopener\">les modalit\u00e9s de r\u00e9alisation des d\u00e9pistages r\u00e9alis\u00e9s dans le cadre des mises sous surveillance ou des contr\u00f4les renforc\u00e9s des infections \u00e0 salmonelles du groupe 1<\/a>.<\/li>\n<\/ul>\n<div>Sources :  <\/p>\n<ul>\n<li><a href=\"https:\/\/www.legifrance.gouv.fr\/jorf\/id\/JORFTEXT000053568433\" target=\"_blank\" rel=\"noopener\">D\u00e9cret no 2026-128 du 24 f\u00e9vrier 2026 modifiant le d\u00e9cret no 2019-722 du 9 juillet 2019 relatif \u00e0 l&rsquo;indemnisation des dommages caus\u00e9s aux troupeaux domestiques par le loup, l&rsquo;ours et le lynx<\/a><\/li>\n<li><a href=\"https:\/\/www.legifrance.gouv.fr\/jorf\/id\/JORFTEXT000053555244\" target=\"_blank\" rel=\"noopener\">Arr\u00eat\u00e9 du 23 f\u00e9vrier 2026 d\u00e9finissant le statut de protection du loup (Canis lupus) et fixant les conditions et limites de sa destruction<\/a><\/li>\n<li><a href=\"https:\/\/www.legifrance.gouv.fr\/jorf\/id\/JORFTEXT000053555329\" target=\"_blank\" rel=\"noopener\">Arr\u00eat\u00e9 du 23 f\u00e9vrier 2026 modifiant l&rsquo;arr\u00eat\u00e9 du 23 octobre 2020 fixant le nombre maximum de sp\u00e9cimens de loups (Canis lupus) dont la destruction pourra \u00eatre autoris\u00e9e chaque ann\u00e9e<\/a><\/li>\n<li><a href=\"https:\/\/www.legifrance.gouv.fr\/jorf\/id\/JORFTEXT000053523855\" target=\"_blank\" rel=\"noopener\">Arr\u00eat\u00e9 du 19 f\u00e9vrier 2026 modifiant l&rsquo;arr\u00eat\u00e9 du 27 f\u00e9vrier 2023 relatif \u00e0 la lutte contre les infections \u00e0 Salmonella dans les troupeaux de l&rsquo;esp\u00e8ce Gallus gallus en fili\u00e8re ponte d&rsquo;\u0153ufs de consommation et dans les troupeaux de reproducteurs de l&rsquo;esp\u00e8ce Gallus gallus ou Meleagris gallopavo<\/a><\/li>\n<\/ul>\n<\/div>\n<p><a href=\"https:\/\/www.weblex.fr\/weblex-actualite\/elevages-de-nouvelles-mesures-contre-la-predation-et-les-maladies\" target=\"_blank\" rel=\"noopener\">\u00c9levages : de nouvelles mesures contre la pr\u00e9dation et les maladies<\/a> &#8211; \u00a9 Copyright WebLex<\/p>\n<p><img src=\"https:\/\/www.weblex.fr\/sites\/default\/files\/actualites\/images\/Shutterstock_eleveurs.jpg\"><\/p>\n","protected":false},"excerpt":{"rendered":"<p>Les \u00e9leveurs sont particuli\u00e8rement expos\u00e9s aux risques de maladies et de pr\u00e9dation. C\u2019est pourquoi des mesures sont prises dans ce cadre afin d\u2019assurer une meilleure pr\u00e9vention et indemnisation de ces risques.<\/p>\n","protected":false},"featured_media":117864,"template":"","weblex-importer-activity":[],"weblex-importer-category":[62,63],"weblex-importer-tag":[198],"weblex-importer-keyword":[],"_links":{"self":[{"href":"https:\/\/www.secvergnaud.com\/index.php\/wp-json\/wp\/v2\/weblex-importer-post\/117863"}],"collection":[{"href":"https:\/\/www.secvergnaud.com\/index.php\/wp-json\/wp\/v2\/weblex-importer-post"}],"about":[{"href":"https:\/\/www.secvergnaud.com\/index.php\/wp-json\/wp\/v2\/types\/weblex-importer-post"}],"wp:featuredmedia":[{"embeddable":true,"href":"https:\/\/www.secvergnaud.com\/index.php\/wp-json\/wp\/v2\/media\/117864"}],"wp:attachment":[{"href":"https:\/\/www.secvergnaud.com\/index.php\/wp-json\/wp\/v2\/media?parent=117863"}],"wp:term":[{"taxonomy":"weblex-importer-activity","embeddable":true,"href":"https:\/\/www.secvergnaud.com\/index.php\/wp-json\/wp\/v2\/weblex-importer-activity?post=117863"},{"taxonomy":"weblex-importer-category","embeddable":true,"href":"https:\/\/www.secvergnaud.com\/index.php\/wp-json\/wp\/v2\/weblex-importer-category?post=117863"},{"taxonomy":"weblex-importer-tag","embeddable":true,"href":"https:\/\/www.secvergnaud.com\/index.php\/wp-json\/wp\/v2\/weblex-importer-tag?post=117863"},{"taxonomy":"weblex-importer-keyword","embeddable":true,"href":"https:\/\/www.secvergnaud.com\/index.php\/wp-json\/wp\/v2\/weblex-importer-keyword?post=117863"}],"curies":[{"name":"wp","href":"https:\/\/api.w.org\/{rel}","templated":true}]}}