{"id":117859,"date":"2026-03-06T00:00:00","date_gmt":"2026-03-05T23:00:00","guid":{"rendered":"https:\/\/www.secvergnaud.com\/index.php\/les-infos-du-jour\/fibre-optique-laide-au-raccordement-pour-tous-2\/"},"modified":"2026-03-06T00:00:00","modified_gmt":"2026-03-05T23:00:00","slug":"fibre-optique-laide-au-raccordement-pour-tous-2","status":"publish","type":"weblex-importer-post","link":"https:\/\/www.secvergnaud.com\/index.php\/les-infos-du-jour\/fibre-optique-laide-au-raccordement-pour-tous-2\/","title":{"rendered":"Fibre optique : l\u2019aide au raccordement pour tous ?"},"content":{"rendered":"<p>En septembre 2025, une aide pour le raccordement \u00e0 la fibre optique a \u00e9t\u00e9 mise en place pour les particuliers et les professionnels. Cette aide est accord\u00e9e sous conditions, qui se voient justement all\u00e9g\u00e9es de fa\u00e7on importante\u2026<\/p>\n<h2>Fibre optique : une aide pour la transition num\u00e9rique<\/h2>\n<p>Pour rappel, l&rsquo;ADSL, technologie permettant l\u2019acc\u00e8s \u00e0 internet via le r\u00e9seau cuivre historique, est en train de dispara\u00eetre au profit de la fibre optique, plus efficace. Ainsi, la fermeture de ce r\u00e9seau doit s\u2019\u00e9taler jusqu\u2019en 2030 et suivre la progression du d\u00e9ploiement de la fibre optique.<\/p>\n<p>En th\u00e9orie, il n\u2019est plus possible de souscrire \u00e0 une offre ADSL depuis le 31 janvier 2026. Les abonnements d\u00e9j\u00e0 sign\u00e9s seront, quant \u00e0 eux, maintenus.<\/p>\n<p>Cependant, certains particuliers ou professionnels rencontrent des difficult\u00e9s de raccordement \u00e0 la fibre optique, notamment parce que ce raccordement n\u00e9cessite des travaux en parties privatives.<\/p>\n<p>Depuis le 1\u1d49\u02b3 septembre 2025, l\u2019\u00c9tat a mis en place une aide financi\u00e8re qui doit permettre de rem\u00e9dier \u00e0 cette situation.<\/p>\n<p>Elle permet de prendre en charge tout ou partie des co\u00fbts de travaux de raccordement \u00e0 la fibre optique sur la propri\u00e9t\u00e9 priv\u00e9e, achev\u00e9s entre le 1\u1d49\u02b3 septembre 2025 et le 31 mai 2027.<\/p>\n<h3>Pour qui ?<\/h3>\n<p>Sont \u00e9ligibles \u00e0 l\u2019aide les particuliers et les entreprises, toutes conditions propres \u00e0 chaque cat\u00e9gorie remplies. Concernant les particuliers, sont \u00e9ligibles les personnes remplissant les conditions cumulatives suivantes :<\/p>\n<ul>\n<li>les travaux de raccordement concernent une maison individuelle d\u2019habitation dont le particulier demandeur est propri\u00e9taire ou locataire ;<\/li>\n<li>une aide financi\u00e8re n\u2019a pas d\u00e9j\u00e0 \u00e9t\u00e9 attribu\u00e9e pour raccorder l\u2019habitation au r\u00e9seau de fibre optique ;<\/li>\n<li>le quotient familial du particulier ne d\u00e9passe pas un seuil, qui n\u2019a pas encore \u00e9t\u00e9 communiqu\u00e9 par les pouvoirs publics.<\/li>\n<\/ul>\n<p>Concernant les entreprises, sont \u00e9ligibles aussi bien les entrepreneurs que les soci\u00e9t\u00e9s d\u00e8s lors qu\u2019ils ont une activit\u00e9 \u00e9conomique et que les conditions suivantes sont remplies :<\/p>\n<ul>\n<li>le montant de leur chiffre d&rsquo;affaires annuel constat\u00e9 lors du dernier exercice clos est inf\u00e9rieur \u00e0 2 M \u20ac ;<\/li>\n<li>l\u2019entreprise emploie moins de 10 salari\u00e9s ;<\/li>\n<li>son activit\u00e9 a d\u00e9but\u00e9 depuis au moins un an \u00e0 la date de d\u00e9p\u00f4t de la demande d\u2019aide ;<\/li>\n<li>une autre aide n\u2019a pas d\u00e9j\u00e0 \u00e9t\u00e9 attribu\u00e9e pour le raccordement du local d\u2019exploitation.<\/li>\n<\/ul>\n<p>Que ce soit pour les particuliers ou pour les entreprises, un \u00e9chec de raccordement au r\u00e9seau en fibre optique doit avoir \u00e9t\u00e9 constat\u00e9 par ou pour le compte d&rsquo;un op\u00e9rateur de lignes de communications \u00e9lectroniques \u00e0 tr\u00e8s haut d\u00e9bit en fibre optique, au regard de la n\u00e9cessit\u00e9 de proc\u00e9der \u00e0 des travaux en partie privative.<\/p>\n<p>Par ailleurs, alors que l\u2019habitation ou le local \u00e0 raccorder devait \u00eatre implant\u00e9 dans une des communes d\u00e9sign\u00e9es comme \u00e9ligibles \u00e0 l\u2019aide, cette condition de territorialit\u00e9 a tout simplement \u00e9t\u00e9 supprim\u00e9e du dispositif depuis le 2 mars 2026, ouvrant le b\u00e9n\u00e9fice de cette aide \u00e0 l\u2019ensemble du territoire.<\/p>\n<h3>Comment et combien ?<\/h3>\n<p>Pour obtenir cette aide, professionnels et particuliers doivent se rendre sur <a href=\"https:\/\/puma.asp-public.fr\/pumas\/connexion\" target=\"_blank\" rel=\"noopener\">le service en ligne<\/a> de l\u2019Agence de services et de paiements (ASP) pour y d\u00e9poser leur dossier.<\/p>\n<p>Pour les particuliers, le dossier doit comporter :<\/p>\n<ul>\n<li>un justificatif d\u2019identit\u00e9 (carte nationale d\u2019identit\u00e9, passeport, titre de s\u00e9jour, etc.) ;<\/li>\n<li>l\u2019adresse de la r\u00e9sidence principale devant \u00eatre raccord\u00e9e ;<\/li>\n<li>une attestation d\u2019\u00e9chec de raccordement, dont les mentions obligatoires sont list\u00e9es <a href=\"https:\/\/www.legifrance.gouv.fr\/jorf\/article_jo\/JORFARTI000052281304\" target=\"_blank\" rel=\"noopener\">ici<\/a> ;<\/li>\n<li>leur num\u00e9ro fiscal ;<\/li>\n<li>le cas \u00e9ch\u00e9ant, \u00e0 la demande de l\u2019ASP, un justificatif de domicile.<\/li>\n<\/ul>\n<p>Pour les professionnels, le dossier doit comporter :<\/p>\n<ul>\n<li>le num\u00e9ro du syst\u00e8me d&rsquo;identification du r\u00e9pertoire des \u00e9tablissements ;<\/li>\n<li>la d\u00e9nomination sociale ;<\/li>\n<li>l\u2019adresse du local devant \u00eatre raccord\u00e9 ;<\/li>\n<li>une attestation d\u2019\u00e9chec de raccordement, dont les mentions obligatoires sont list\u00e9es <a href=\"https:\/\/www.legifrance.gouv.fr\/jorf\/article_jo\/JORFARTI000052281305\" target=\"_blank\" rel=\"noopener\">ici<\/a> ;<\/li>\n<li>une attestation sur l\u2019honneur portant sur le nombre de salari\u00e9s ;<\/li>\n<li>un justificatif visant le repr\u00e9sentant l\u00e9gal de l&rsquo;entreprise avec une copie de ses papiers d\u2019identit\u00e9.<\/li>\n<\/ul>\n<p>Les travaux pouvant donner droit \u00e0 l\u2019aide financi\u00e8re sont class\u00e9s en 3 cat\u00e9gories, dont le d\u00e9tail technique est d\u00e9crit dans l\u2019annexe disponible <a href=\"https:\/\/www.legifrance.gouv.fr\/jorf\/id\/JORFTEXT000052281296\" target=\"_blank\" rel=\"noopener\">ici<\/a>, en fonction de leur ampleur :<\/p>\n<ul>\n<li>les travaux de faible ampleur peuvent donner lieu \u00e0 une aide de 400 \u20ac ;<\/li>\n<li>les travaux d&rsquo;ampleur moyenne peuvent donner lieu \u00e0 une aide de 800 \u20ac ;<\/li>\n<li>les gros travaux peuvent donner lieu \u00e0 une aide de 1 200 \u20ac.<\/li>\n<\/ul>\n<p>Il revient \u00e0 la personne d\u00e9sign\u00e9e pour r\u00e9aliser les travaux de transmettre \u00e0 l&rsquo;ASP une demande de remboursement de l\u2019avance de l\u2019aide sur les travaux r\u00e9alis\u00e9s. La liste des pi\u00e8ces justificatives est consultable <a href=\"https:\/\/www.legifrance.gouv.fr\/jorf\/article_jo\/JORFARTI000052281307\" target=\"_blank\" rel=\"noopener\">ici<\/a>.<\/p>\n<div>Sources :  <\/p>\n<ul>\n<li><a href=\"https:\/\/www.legifrance.gouv.fr\/jorf\/id\/JORFTEXT000053598911\" target=\"_blank\" rel=\"noopener\">D\u00e9cret no 2026-144 du 27 f\u00e9vrier 2026 instituant une aide \u00e0 la r\u00e9alisation des travaux en domaine priv\u00e9 pour le raccordement \u00e0 un r\u00e9seau en fibre optique<\/a><\/li>\n<\/ul>\n<\/div>\n<p><a href=\"https:\/\/www.weblex.fr\/weblex-actualite\/fibre-optique-l-aide-au-raccordement-pour-tous\" target=\"_blank\" rel=\"noopener\">Fibre optique : l\u2019aide au raccordement pour tous ?<\/a> &#8211; \u00a9 Copyright WebLex<\/p>\n<p><img src=\"https:\/\/www.weblex.fr\/sites\/default\/files\/actualites\/images\/Shutterstock_aidefibre.jpg\"><\/p>\n","protected":false},"excerpt":{"rendered":"<p>En septembre 2025, une aide pour le raccordement \u00e0 la fibre optique a \u00e9t\u00e9 mise en place pour les particuliers et les professionnels. Cette aide est accord\u00e9e sous conditions, qui se voient justement all\u00e9g\u00e9es de fa\u00e7on importante\u2026<\/p>\n","protected":false},"featured_media":117860,"template":"","weblex-importer-activity":[],"weblex-importer-category":[62,63],"weblex-importer-tag":[198],"weblex-importer-keyword":[],"_links":{"self":[{"href":"https:\/\/www.secvergnaud.com\/index.php\/wp-json\/wp\/v2\/weblex-importer-post\/117859"}],"collection":[{"href":"https:\/\/www.secvergnaud.com\/index.php\/wp-json\/wp\/v2\/weblex-importer-post"}],"about":[{"href":"https:\/\/www.secvergnaud.com\/index.php\/wp-json\/wp\/v2\/types\/weblex-importer-post"}],"wp:featuredmedia":[{"embeddable":true,"href":"https:\/\/www.secvergnaud.com\/index.php\/wp-json\/wp\/v2\/media\/117860"}],"wp:attachment":[{"href":"https:\/\/www.secvergnaud.com\/index.php\/wp-json\/wp\/v2\/media?parent=117859"}],"wp:term":[{"taxonomy":"weblex-importer-activity","embeddable":true,"href":"https:\/\/www.secvergnaud.com\/index.php\/wp-json\/wp\/v2\/weblex-importer-activity?post=117859"},{"taxonomy":"weblex-importer-category","embeddable":true,"href":"https:\/\/www.secvergnaud.com\/index.php\/wp-json\/wp\/v2\/weblex-importer-category?post=117859"},{"taxonomy":"weblex-importer-tag","embeddable":true,"href":"https:\/\/www.secvergnaud.com\/index.php\/wp-json\/wp\/v2\/weblex-importer-tag?post=117859"},{"taxonomy":"weblex-importer-keyword","embeddable":true,"href":"https:\/\/www.secvergnaud.com\/index.php\/wp-json\/wp\/v2\/weblex-importer-keyword?post=117859"}],"curies":[{"name":"wp","href":"https:\/\/api.w.org\/{rel}","templated":true}]}}