{"id":117760,"date":"2026-03-06T00:00:00","date_gmt":"2026-03-05T23:00:00","guid":{"rendered":"https:\/\/www.secvergnaud.com\/index.php\/les-infos-du-jour\/transparence-des-remunerations-premieres-pistes-de-reflexion\/"},"modified":"2026-03-06T00:00:00","modified_gmt":"2026-03-05T23:00:00","slug":"transparence-des-remunerations-premieres-pistes-de-reflexion","status":"publish","type":"weblex-importer-post","link":"https:\/\/www.secvergnaud.com\/index.php\/les-infos-du-jour\/transparence-des-remunerations-premieres-pistes-de-reflexion\/","title":{"rendered":"Transparence des r\u00e9mun\u00e9rations : premi\u00e8res pistes de r\u00e9flexion\u2026"},"content":{"rendered":"<p>Dans un document de pr\u00e9sentation, la Direction g\u00e9n\u00e9rale du travail d\u00e9voile les 1res r\u00e9flexions autour de la transposition de la directive europ\u00e9enne sur l\u2019\u00e9galit\u00e9 salariale et la transparence des r\u00e9mun\u00e9rations. Tour d\u2019horizon des pistes de travail envisag\u00e9es&#8230;<\/p>\n<h2>Recrutement, indicateurs, sanctions : ce qui pourrait changer\u2026<\/h2>\n<p>Dans le cadre d\u2019un document de pr\u00e9sentation multilat\u00e9rale, la Direction g\u00e9n\u00e9rale du travail a pr\u00e9sent\u00e9 ses orientations strat\u00e9giques afin de pr\u00e9parer la transposition des nouvelles r\u00e8gles europ\u00e9ennes sur la transparence salariale.<\/p>\n<p>Rappelons que la France a jusqu\u2019\u00e0 juin 2026 pour adopter une loi permettant de mettre en \u0153uvre ces exigences.<\/p>\n<p>Dans cette perspective, l\u2019administration a r\u00e9affirm\u00e9 sa volont\u00e9 de proposer un texte unique applicable \u00e0 la fois au secteur public et au secteur priv\u00e9, afin de respecter ce calendrier.<\/p>\n<p>Parmi les \u00e9volutions envisag\u00e9es figure tout d\u2019abord un renforcement de la transparence des r\u00e9mun\u00e9rations lors du recrutement.<\/p>\n<p>Les offres d\u2019emploi pourraient ainsi devoir mentionner une fourchette de salaire afin d\u2019informer les candidats d\u00e8s la publication de l\u2019annonce.<\/p>\n<p>Lorsque le recrutement ne passe pas par une offre formalis\u00e9e, ces informations pourraient \u00eatre communiqu\u00e9es par \u00e9crit avant l\u2019entretien ou au moment de celui-ci.<\/p>\n<p>Autre pr\u00e9cision notable : l\u2019obligation ne viserait pas seulement les employeurs. Les plateformes et interm\u00e9diaires diffusant les offres d\u2019emploi pourraient \u00e9galement \u00eatre tenus de v\u00e9rifier que les annonces respectent ces r\u00e8gles avant leur publication.<\/p>\n<p>La Direction g\u00e9n\u00e9rale du travail \u00e9voque \u00e9galement une possible \u00e9volution du suivi des \u00e9carts de r\u00e9mun\u00e9ration dans les entreprises.<\/p>\n<p>Il ne serait pas projet\u00e9 de changement pour les seuils : les entreprises embauchant au moins 50 salari\u00e9s resteront donc soumises \u00e0 cette obligation de d\u00e9claration d\u2019indicateurs.<\/p>\n<p>Notez toutefois que le processus de transmission de ces indicateurs pourrait \u00eatre simplifi\u00e9 pour les entreprises employant entre 50 et 99 salari\u00e9s, sans que l\u2019on ait plus d\u2019information \u00e0 ce stade.<\/p>\n<p>Avant cette \u00e9tape, les entreprises devraient d\u2019abord d\u00e9finir des cat\u00e9gories de postes comparables afin de pouvoir analyser les \u00e9carts de r\u00e9mun\u00e9ration entre salari\u00e9s occupant des fonctions similaires.<\/p>\n<p>Si des \u00e9carts importants sont constat\u00e9s, l\u2019employeur pourrait \u00eatre tenu d\u2019indiquer rapidement les mesures envisag\u00e9es pour y rem\u00e9dier, voire de mener une \u00e9valuation plus approfondie avec les repr\u00e9sentants du personnel.<\/p>\n<p>Enfin, le document \u00e9voque la mise en place de sanctions administratives en cas de non-respect de certaines obligations, par exemple en l\u2019absence de d\u00e9claration des indicateurs ou de mesures correctrices.<\/p>\n<p>Mais il convient de rester prudent : toutes ces mesures ne sont, pour l\u2019instant, que des pistes de travail pr\u00e9sent\u00e9es dans le cadre des discussions pr\u00e9paratoires. Le projet de loi n\u2019est pas encore finalis\u00e9 et son contenu pourrait \u00e9voluer avant son \u00e9ventuelle adoption.<\/p>\n<p>Affaire \u00e0 suivre\u2026<\/p>\n<div>Sources :  <\/p>\n<ul>\n<li><a href=\"https:\/\/revuefiduciaire.grouperf.com\/plussurlenet\/complements\/20260213_Doc_DGT_21janv26.pdf\" target=\"_blank\" rel=\"noopener\">Document de la Direction g\u00e9n\u00e9rale du travail : Concertation multilat\u00e9rale \u2013 Pr\u00e9sentation du projet de loi de transposition de la directive \u00ab Transparence salariale \u00bb, du 15 janvier 2026, diffus\u00e9 le 21 janvier 2026<\/a><\/li>\n<\/ul>\n<\/div>\n<p><a href=\"https:\/\/www.weblex.fr\/weblex-actualite\/transparence-des-remunerations-premieres-pistes-de-reflexion\" target=\"_blank\" rel=\"noopener\">Transparence des r\u00e9mun\u00e9rations : premi\u00e8res pistes de r\u00e9flexion\u2026 <\/a> &#8211; \u00a9 Copyright WebLex<\/p>\n<p><img src=\"https:\/\/www.weblex.fr\/sites\/default\/files\/actualites\/images\/Shutterstock_transparencerenumerations.jpg\"><\/p>\n","protected":false},"excerpt":{"rendered":"<p>Dans un document de pr\u00e9sentation, la Direction g\u00e9n\u00e9rale du travail d\u00e9voile les 1res r\u00e9flexions autour de la transposition de la directive europ\u00e9enne sur l\u2019\u00e9galit\u00e9 salariale et la transparence des r\u00e9mun\u00e9rations. Tour d\u2019horizon des pistes de travail envisag\u00e9es&#8230;<\/p>\n","protected":false},"featured_media":117761,"template":"","weblex-importer-activity":[],"weblex-importer-category":[62,65],"weblex-importer-tag":[198],"weblex-importer-keyword":[],"_links":{"self":[{"href":"https:\/\/www.secvergnaud.com\/index.php\/wp-json\/wp\/v2\/weblex-importer-post\/117760"}],"collection":[{"href":"https:\/\/www.secvergnaud.com\/index.php\/wp-json\/wp\/v2\/weblex-importer-post"}],"about":[{"href":"https:\/\/www.secvergnaud.com\/index.php\/wp-json\/wp\/v2\/types\/weblex-importer-post"}],"wp:featuredmedia":[{"embeddable":true,"href":"https:\/\/www.secvergnaud.com\/index.php\/wp-json\/wp\/v2\/media\/117761"}],"wp:attachment":[{"href":"https:\/\/www.secvergnaud.com\/index.php\/wp-json\/wp\/v2\/media?parent=117760"}],"wp:term":[{"taxonomy":"weblex-importer-activity","embeddable":true,"href":"https:\/\/www.secvergnaud.com\/index.php\/wp-json\/wp\/v2\/weblex-importer-activity?post=117760"},{"taxonomy":"weblex-importer-category","embeddable":true,"href":"https:\/\/www.secvergnaud.com\/index.php\/wp-json\/wp\/v2\/weblex-importer-category?post=117760"},{"taxonomy":"weblex-importer-tag","embeddable":true,"href":"https:\/\/www.secvergnaud.com\/index.php\/wp-json\/wp\/v2\/weblex-importer-tag?post=117760"},{"taxonomy":"weblex-importer-keyword","embeddable":true,"href":"https:\/\/www.secvergnaud.com\/index.php\/wp-json\/wp\/v2\/weblex-importer-keyword?post=117760"}],"curies":[{"name":"wp","href":"https:\/\/api.w.org\/{rel}","templated":true}]}}