{"id":117725,"date":"2026-03-04T00:00:00","date_gmt":"2026-03-03T23:00:00","guid":{"rendered":"https:\/\/www.secvergnaud.com\/index.php\/les-infos-du-jour\/compte-personnel-de-formation-le-tour-de-vis-budgetaire-est-confirme\/"},"modified":"2026-03-04T00:00:00","modified_gmt":"2026-03-03T23:00:00","slug":"compte-personnel-de-formation-le-tour-de-vis-budgetaire-est-confirme","status":"publish","type":"weblex-importer-post","link":"https:\/\/www.secvergnaud.com\/index.php\/les-infos-du-jour\/compte-personnel-de-formation-le-tour-de-vis-budgetaire-est-confirme\/","title":{"rendered":"Compte personnel de formation : le tour de vis budg\u00e9taire est confirm\u00e9"},"content":{"rendered":"<p>La loi de finances pour 2026 avait pos\u00e9 les grands principes d\u2019un encadrement renforc\u00e9 du compte personnel de formation (CPF). Les mesures d\u2019application d\u00e9sormais en vigueur en pr\u00e9cisent les modalit\u00e9s concr\u00e8tes, notamment s\u2019agissant des plafonds de droits mobilisables, variables selon la formation financ\u00e9e, et de l\u2019instauration d\u2019un d\u00e9lai de carence entre 2 bilans de comp\u00e9tences pris en charge par des fonds publics.<\/p>\n<h2>CPF : un renforcement de l\u2019encadrement des droits mat\u00e9rialis\u00e9s par de nouveaux plafonds et des d\u00e9lais de carence<\/h2>\n<p>Depuis le 26 f\u00e9vrier 2026, le compte personnel de formation (CPF) fonctionne d\u00e9sormais avec des montants maximums mobilisables pour certaines actions, sur les droits acquis via l\u2019alimentation annuelle.<\/p>\n<p>Dans ce cadre, on sait d\u00e9sormais que son b\u00e9n\u00e9ficiaire ne pourra donc mobiliser que :<\/p>\n<ul>\n<li>1 500 \u20ac maximum pour les actions menant \u00e0 des certifications et habilitations enregistr\u00e9es au r\u00e9pertoire sp\u00e9cifique (exception faite des certifications relatives au socle de connaissances et comp\u00e9tences professionnelles \u2013 dite \u00ab CL\u00e9A \u00bb \u2013 qui \u00e9chappent \u00e0 ce plafond) ;<\/li>\n<li>1 600 \u20ac maximum pour un bilan de comp\u00e9tences ; \u2022 900 \u20ac maximum pour la pr\u00e9paration aux \u00e9preuves th\u00e9oriques et pratiques des permis de conduire du groupe l\u00e9ger (A et B). S\u2019agissant des permis A et B, et outre ce plafond nouvellement instaur\u00e9, notez que le financement par le CPF est d\u00e9sormais r\u00e9serv\u00e9 :<\/li>\n<li>aux demandeurs d\u2019emploi ;<\/li>\n<li>ou aux situations dans lesquelles la formation fait l\u2019objet d\u2019un cofinancement par un tiers (employeur, op\u00e9rateur de comp\u00e9tences, France Travail, etc.).<\/li>\n<\/ul>\n<p>Notez que dans cette seconde hypoth\u00e8se, le cofinancement doit \u00eatre d\u2019un montant minimum de 100 \u20ac pour permettre l\u2019\u00e9ligibilit\u00e9 du permis au CPF.<\/p>\n<p>Concernant les bilans de comp\u00e9tences, 2 r\u00e8gles nouvelles s\u2019appliquent. Tout d\u2019abord, il est d\u00e9sormais pr\u00e9vu que le CPF ne puisse \u00eatre mobilis\u00e9 que pour financer les heures d\u2019accompagnement r\u00e9alis\u00e9es par l\u2019organisme prestataire.<\/p>\n<p>Ainsi, le temps de recherche ou de travail personnel du titulaire du CPF n\u2019est plus pris en charge \u00e0 ce titre.<\/p>\n<p>Ensuite, un d\u00e9lai de carence de 5 ans est d\u00e9sormais instaur\u00e9 entre 2 bilans de comp\u00e9tences financ\u00e9s par des fonds publics (par exemple : l\u2019op\u00e9rateur de comp\u00e9tence, France Travail, etc.).<\/p>\n<p>Le titulaire d\u2019un CPF ne pourra donc mobiliser ses droits pour le financement d\u2019un bilan de comp\u00e9tences qu\u2019\u00e0 condition de ne pas avoir b\u00e9n\u00e9fici\u00e9, dans les 5 ann\u00e9es qui pr\u00e9c\u00e9dent sa demande, d\u2019un financement par un acteur public.<\/p>\n<p>Si ces mesures permettent d\u2019y voir plus clair quant \u00e0 la r\u00e9forme initi\u00e9e par la loi de finances pour 2026, des pr\u00e9cisions restent attendues pour la dur\u00e9e minimale des bilans de comp\u00e9tences et le rehaussement de la participation financi\u00e8re obligatoire du titulaire du CPF.<\/p>\n<p>Affaire \u00e0 suivre donc\u2026<\/p>\n<div>Sources :  <\/p>\n<ul>\n<li><a href=\"https:\/\/www.legifrance.gouv.fr\/jorf\/id\/JORFTEXT000053568399\" target=\"_blank\" rel=\"noopener\">D\u00e9cret no 2026-126 du 24 f\u00e9vrier 2026 d\u00e9finissant les conditions d&rsquo;\u00e9ligibilit\u00e9 au compte personnel de formation des bilans de comp\u00e9tences mentionn\u00e9s au 2o de l&rsquo;article L. 6313-1 du code du travail<\/a><\/li>\n<li><a href=\"https:\/\/www.legifrance.gouv.fr\/jorf\/id\/JORFTEXT000053568407\" target=\"_blank\" rel=\"noopener\">D\u00e9cret no 2026-127 du 24 f\u00e9vrier 2026 relatif aux conditions d&rsquo;\u00e9ligibilit\u00e9 au compte personnel de formation et au plafonnement de prise en charge par ce compte de certaines actions de formation<\/a><\/li>\n<\/ul>\n<\/div>\n<p><a href=\"https:\/\/www.weblex.fr\/weblex-actualite\/compte-personnel-de-formation-le-tour-de-vis-budgetaire-est-confirme\" target=\"_blank\" rel=\"noopener\">Compte personnel de formation : le tour de vis budg\u00e9taire est confirm\u00e9  <\/a> &#8211; \u00a9 Copyright WebLex<\/p>\n<p><img src=\"https:\/\/www.weblex.fr\/sites\/default\/files\/actualites\/images\/Shutterstock_cpfplafond.jpg\"><\/p>\n","protected":false},"excerpt":{"rendered":"<p>La loi de finances pour 2026 avait pos\u00e9 les grands principes d\u2019un encadrement renforc\u00e9 du compte personnel de formation (CPF). Les mesures d\u2019application d\u00e9sormais en vigueur en pr\u00e9cisent les modalit\u00e9s concr\u00e8tes, notamment s\u2019agissant des plafonds de droits mobilisables, variables selon la formation financ\u00e9e, et de l\u2019instauration d\u2019un d\u00e9lai de carence entre 2 bilans de comp\u00e9tences pris en charge par des fonds publics.<\/p>\n","protected":false},"featured_media":117726,"template":"","weblex-importer-activity":[],"weblex-importer-category":[62,65],"weblex-importer-tag":[198],"weblex-importer-keyword":[],"_links":{"self":[{"href":"https:\/\/www.secvergnaud.com\/index.php\/wp-json\/wp\/v2\/weblex-importer-post\/117725"}],"collection":[{"href":"https:\/\/www.secvergnaud.com\/index.php\/wp-json\/wp\/v2\/weblex-importer-post"}],"about":[{"href":"https:\/\/www.secvergnaud.com\/index.php\/wp-json\/wp\/v2\/types\/weblex-importer-post"}],"wp:featuredmedia":[{"embeddable":true,"href":"https:\/\/www.secvergnaud.com\/index.php\/wp-json\/wp\/v2\/media\/117726"}],"wp:attachment":[{"href":"https:\/\/www.secvergnaud.com\/index.php\/wp-json\/wp\/v2\/media?parent=117725"}],"wp:term":[{"taxonomy":"weblex-importer-activity","embeddable":true,"href":"https:\/\/www.secvergnaud.com\/index.php\/wp-json\/wp\/v2\/weblex-importer-activity?post=117725"},{"taxonomy":"weblex-importer-category","embeddable":true,"href":"https:\/\/www.secvergnaud.com\/index.php\/wp-json\/wp\/v2\/weblex-importer-category?post=117725"},{"taxonomy":"weblex-importer-tag","embeddable":true,"href":"https:\/\/www.secvergnaud.com\/index.php\/wp-json\/wp\/v2\/weblex-importer-tag?post=117725"},{"taxonomy":"weblex-importer-keyword","embeddable":true,"href":"https:\/\/www.secvergnaud.com\/index.php\/wp-json\/wp\/v2\/weblex-importer-keyword?post=117725"}],"curies":[{"name":"wp","href":"https:\/\/api.w.org\/{rel}","templated":true}]}}