{"id":117723,"date":"2026-03-05T00:00:00","date_gmt":"2026-03-04T23:00:00","guid":{"rendered":"https:\/\/www.secvergnaud.com\/index.php\/les-infos-du-jour\/transports-en-commun-denfants-les-limites-pour-2026\/"},"modified":"2026-03-05T00:00:00","modified_gmt":"2026-03-04T23:00:00","slug":"transports-en-commun-denfants-les-limites-pour-2026","status":"publish","type":"weblex-importer-post","link":"https:\/\/www.secvergnaud.com\/index.php\/les-infos-du-jour\/transports-en-commun-denfants-les-limites-pour-2026\/","title":{"rendered":"Transports en commun d\u2019enfants : les limites pour 2026"},"content":{"rendered":"<p>Parce que les r\u00e9seaux routiers sont particuli\u00e8rement charg\u00e9s lors de la p\u00e9riode estivale, les pouvoirs publics identifient chaque ann\u00e9e une ou plusieurs journ\u00e9es durant lesquelles le transport en commun d\u2019enfants est interdit. Qu\u2019en est-il pour 2026\u202f?<\/p>\n<h2>S\u00e9curit\u00e9 routi\u00e8re : des limitations pour le transport estival des enfants<\/h2>\n<p>Afin de renforcer la s\u00e9curit\u00e9 routi\u00e8re durant la p\u00e9riode estivale qui voit le trafic s\u2019intensifier, les pouvoirs publics interdisent chaque ann\u00e9e le transport en commun d\u2019enfants durant un certain laps de temps.<\/p>\n<p>Pour 2026, cette interdiction concernera l&rsquo;ensemble du r\u00e9seau routier le samedi 1er ao\u00fbt 2026 de 00 heures \u00e0 24 heures.<\/p>\n<p>Cette interdiction concerne tout transport de passagers de moins de 18 ans dans un v\u00e9hicule comprenant plus de 9 places assises, conducteur compris.<\/p>\n<p>Toutefois, le transport en commun d&rsquo;enfants est autoris\u00e9 \u00e0 l&rsquo;int\u00e9rieur du d\u00e9partement de prise en charge, c\u2019est-\u00e0-dire le lieu de d\u00e9part du groupe d\u2019enfants transport\u00e9, et dans les d\u00e9partements limitrophes. Il est n\u00e9cessaire que le conducteur soit titulaire d\u2019un justificatif \u00e0 pr\u00e9senter aux autorit\u00e9s en cas de contr\u00f4le.<\/p>\n<p>Notez que, pour l\u2019application de cette exception, des am\u00e9nagements g\u00e9ographiques sont \u00e0 prendre en compte\u202f:<\/p>\n<ul>\n<li>la ville de Paris, les d\u00e9partements des Hauts-de-Seine, de la Seine-Saint-Denis et du Val-de-Marne sont consid\u00e9r\u00e9s comme un seul d\u00e9partement ;<\/li>\n<li>l&rsquo;a\u00e9roport de Roissy-Charles-de-Gaulle est consid\u00e9r\u00e9 comme faisant partie des d\u00e9partements du Val-d&rsquo;Oise, de la Seine-Saint-Denis et de la Seine-et-Marne ;<\/li>\n<li>l&rsquo;a\u00e9roport d&rsquo;Orly est consid\u00e9r\u00e9 comme faisant partie des d\u00e9partements du Val-de-Marne et de l&rsquo;Essonne.<\/li>\n<\/ul>\n<p>Pour les autocars en provenance ou \u00e0 destination d&rsquo;un autre \u00c9tat, il faut, pour d\u00e9terminer le d\u00e9partement de prise en charge, prendre comme r\u00e9f\u00e9rence le d\u00e9partement frontalier d&rsquo;entr\u00e9e ou de sortie sur le territoire national.<\/p>\n<div>Sources :  <\/p>\n<ul>\n<li><a href=\"https:\/\/www.legifrance.gouv.fr\/jorf\/id\/JORFTEXT000053587125\" target=\"_blank\" rel=\"noopener\">Arr\u00eat\u00e9 du 23 f\u00e9vrier 2026 relatif \u00e0 la journ\u00e9e d&rsquo;interdiction de transports en commun d&rsquo;enfants par des v\u00e9hicules affect\u00e9s au transport en commun de personnes pour l&rsquo;ann\u00e9e 2026<\/a><\/li>\n<\/ul>\n<\/div>\n<p><a href=\"https:\/\/www.weblex.fr\/weblex-actualite\/transports-en-commun-d-enfants-les-limites-pour-2026\" target=\"_blank\" rel=\"noopener\">Transports en commun d\u2019enfants : les limites pour 2026<\/a> &#8211; \u00a9 Copyright WebLex<\/p>\n<p><img src=\"https:\/\/www.weblex.fr\/sites\/default\/files\/actualites\/images\/Shutterstock_transportcommunenfant.jpg\"><\/p>\n","protected":false},"excerpt":{"rendered":"<p>Parce que les r\u00e9seaux routiers sont particuli\u00e8rement charg\u00e9s lors de la p\u00e9riode estivale, les pouvoirs publics identifient chaque ann\u00e9e une ou plusieurs journ\u00e9es durant lesquelles le transport en commun d\u2019enfants est interdit. Qu\u2019en est-il pour 2026\u202f?<\/p>\n","protected":false},"featured_media":117724,"template":"","weblex-importer-activity":[],"weblex-importer-category":[62,63],"weblex-importer-tag":[198],"weblex-importer-keyword":[],"_links":{"self":[{"href":"https:\/\/www.secvergnaud.com\/index.php\/wp-json\/wp\/v2\/weblex-importer-post\/117723"}],"collection":[{"href":"https:\/\/www.secvergnaud.com\/index.php\/wp-json\/wp\/v2\/weblex-importer-post"}],"about":[{"href":"https:\/\/www.secvergnaud.com\/index.php\/wp-json\/wp\/v2\/types\/weblex-importer-post"}],"wp:featuredmedia":[{"embeddable":true,"href":"https:\/\/www.secvergnaud.com\/index.php\/wp-json\/wp\/v2\/media\/117724"}],"wp:attachment":[{"href":"https:\/\/www.secvergnaud.com\/index.php\/wp-json\/wp\/v2\/media?parent=117723"}],"wp:term":[{"taxonomy":"weblex-importer-activity","embeddable":true,"href":"https:\/\/www.secvergnaud.com\/index.php\/wp-json\/wp\/v2\/weblex-importer-activity?post=117723"},{"taxonomy":"weblex-importer-category","embeddable":true,"href":"https:\/\/www.secvergnaud.com\/index.php\/wp-json\/wp\/v2\/weblex-importer-category?post=117723"},{"taxonomy":"weblex-importer-tag","embeddable":true,"href":"https:\/\/www.secvergnaud.com\/index.php\/wp-json\/wp\/v2\/weblex-importer-tag?post=117723"},{"taxonomy":"weblex-importer-keyword","embeddable":true,"href":"https:\/\/www.secvergnaud.com\/index.php\/wp-json\/wp\/v2\/weblex-importer-keyword?post=117723"}],"curies":[{"name":"wp","href":"https:\/\/api.w.org\/{rel}","templated":true}]}}