{"id":117686,"date":"2026-03-03T00:00:00","date_gmt":"2026-03-02T23:00:00","guid":{"rendered":"https:\/\/www.secvergnaud.com\/index.php\/les-infos-du-jour\/secteur-du-tourisme-quelques-nouveautes-a-connaitre\/"},"modified":"2026-03-03T00:00:00","modified_gmt":"2026-03-02T23:00:00","slug":"secteur-du-tourisme-quelques-nouveautes-a-connaitre","status":"publish","type":"weblex-importer-post","link":"https:\/\/www.secvergnaud.com\/index.php\/les-infos-du-jour\/secteur-du-tourisme-quelques-nouveautes-a-connaitre\/","title":{"rendered":"Secteur du tourisme : quelques nouveaut\u00e9s \u00e0 conna\u00eetre"},"content":{"rendered":"<p>En mati\u00e8re de tourisme, de r\u00e9centes mises \u00e0 jour juridiques s\u00e9curisent les proc\u00e9dures administratives li\u00e9es au secteur du tourisme, clarifient les r\u00e8gles de classement des communes et des h\u00e9bergements, encadrent les frais d&rsquo;immatriculation des op\u00e9rateurs de voyages et modifient les conditions financi\u00e8res des r\u00e9servations saisonni\u00e8res.<\/p>\n<h2>En ce qui concerne les locations saisonni\u00e8res<\/h2>\n<p>La r\u00e9servation d\u2019une location saisonni\u00e8re peut s\u2019accompagner du versement d\u2019un acompte ou d\u2019arrhes.<\/p>\n<p>Il est pr\u00e9cis\u00e9 que, pour les r\u00e9servations faites depuis le 1er mars 2026, le d\u00e9lai maximal pour effectuer un versement (acompte ou arrhes) avant la remise des cl\u00e9s est port\u00e9 de 6 \u00e0 12 mois.<\/p>\n<p>Concr\u00e8tement, les versements accompagnant une r\u00e9servation de location saisonni\u00e8re ne peuvent d\u00e9sormais intervenir plus de 12 mois avant la remise des cl\u00e9s.<\/p>\n<p>Le montant de ce versement reste plafonn\u00e9 \u00e0 25 % du loyer total et le solde ne peut \u00eatre exig\u00e9, comme auparavant, qu&rsquo;un mois, au plus t\u00f4t, avant l&rsquo;entr\u00e9e dans les lieux.<\/p>\n<p>En ce qui concerne les meubl\u00e9s de tourisme class\u00e9s<\/p>\n<p>Il est pr\u00e9cis\u00e9 que le pr\u00e9fet peut prononcer la radiation de la liste des meubl\u00e9s de tourisme class\u00e9s pour d\u00e9faut ou insuffisance grave d&rsquo;entretien du meubl\u00e9 de tourisme et de ses installations.<\/p>\n<p>Il informe de sa d\u00e9cision le comit\u00e9 d\u00e9partemental du tourisme.<\/p>\n<p>En ce qui concerne les op\u00e9rateurs de voyages<\/p>\n<p>Il vient d\u2019\u00eatre pr\u00e9cis\u00e9 qu\u2019\u00e0 compter du 1er mars 2026, l&rsquo;immatriculation des agents de voyage et autres op\u00e9rateurs de la vente de voyages et de s\u00e9jours au registre d\u2019immatriculation tenu par Atout France est d\u00e9sormais conditionn\u00e9e au paiement pr\u00e9alable de frais.<\/p>\n<p>Ces frais correspondent \u00e0 tous les co\u00fbts support\u00e9s par Atout France, charg\u00e9 de l&rsquo;immatriculation des agents de voyages et autres op\u00e9rateurs de voyages et de s\u00e9jours, pour mener \u00e0 bien sa mission.<\/p>\n<p>Il en est de m\u00eame pour les demandes de renouvellement d&rsquo;immatriculation d\u00e9pos\u00e9es \u00e0 \u00e0 compter du 1er mars 2026.<\/p>\n<p>En ce qui concerne le classement des communes touristiques<\/p>\n<p>Pour rappel, peuvent \u00eatre d\u00e9nomm\u00e9es communes touristiques les communes qui, notamment, organisent, en p\u00e9riodes touristiques, des animations compatibles avec le statut des sites ou des espaces naturels prot\u00e9g\u00e9s, notamment dans le domaine culturel, artistique, gastronomique ou sportif, et qui disposent d&rsquo;une capacit\u00e9 d&rsquo;h\u00e9bergement d&rsquo;une population non permanente, dans une proportion variant selon le nombre d\u2019habitants dans la commune.<\/p>\n<p>La capacit\u00e9 d&rsquo;h\u00e9bergement d&rsquo;une population non permanente est estim\u00e9e par le cumul suivant :<\/p>\n<ul>\n<li>nombre de chambres en h\u00f4tellerie class\u00e9e et non class\u00e9e multipli\u00e9 par 2 ;<\/li>\n<li>nombre de lits en r\u00e9sidence de tourisme ;<\/li>\n<li>nombre de logements meubl\u00e9s multipli\u00e9 par 4 ;<\/li>\n<li>nombre d&#8217;emplacements situ\u00e9s en terrain de camping multipli\u00e9 par 3 ;<\/li>\n<li>nombre de lits en village de vacances et maisons familiales de vacances ;<\/li>\n<li>nombre de r\u00e9sidences secondaires multipli\u00e9 par 5 ;<\/li>\n<li>nombre de chambres d&rsquo;h\u00f4tes multipli\u00e9 par 2 ;<\/li>\n<li>nombre d&rsquo;anneaux de plaisance dans les ports de plaisance multipli\u00e9 par 4.<\/li>\n<\/ul>\n<p>\u00c0 ces h\u00e9bergements vient d\u2019\u00eatre ajout\u00e9 le nombre de lits en auberge collective, class\u00e9e ou non, dans l\u2019appr\u00e9ciation de la capacit\u00e9 d\u2019h\u00e9bergement d&rsquo;une population non permanente.<\/p>\n<p>La proc\u00e9dure de d\u00e9nomination \u00ab commune touristique \u00bb est \u00e9galement pr\u00e9cis\u00e9e avec l&rsquo;instauration d&rsquo;un d\u00e9lai de 2 mois pour que le pr\u00e9fet notifie, le cas \u00e9ch\u00e9ant, le caract\u00e8re incomplet d&rsquo;un dossier, en listant les pi\u00e8ces manquantes.<\/p>\n<p>\u00c0 compter de la date \u00e0 laquelle le dossier est complet ou a \u00e9t\u00e9 compl\u00e9t\u00e9, le pr\u00e9fet dispose d&rsquo;un d\u00e9lai de 2 mois pour se prononcer. \u00c0 d\u00e9faut, au terme de ce d\u00e9lai, son silence vaut rejet de la demande.<\/p>\n<p>La d\u00e9nomination \u00ab commune touristique \u00bb est prise par arr\u00eat\u00e9 pr\u00e9fectoral pour une dur\u00e9e de 5 ans. Elle est notifi\u00e9e au demandeur et publi\u00e9e au recueil des actes administratifs de la pr\u00e9fecture.<\/p>\n<p>Le rejet de la demande fait l&rsquo;objet d&rsquo;une d\u00e9cision motiv\u00e9e du pr\u00e9fet de d\u00e9partement qui la notifie au demandeur.<\/p>\n<p>S\u2019agissant de la classification en station de tourisme, la d\u00e9lib\u00e9ration sollicitant ce classement, accompagn\u00e9e du dossier de demande, est adress\u00e9e par le maire au pr\u00e9fet de d\u00e9partement par voie \u00e9lectronique ou, \u00e0 d\u00e9faut, par voie postale : elle doit d\u00e9limiter le territoire faisant l&rsquo;objet de la demande de classement, un plan \u00e9tant annex\u00e9 lorsque seule une fraction de la commune fait l&rsquo;objet de la demande de classement.<\/p>\n<p>Il vient d\u2019\u00eatre pr\u00e9cis\u00e9 \u00e0 ce sujet que lorsque le dossier est incomplet, le pr\u00e9fet en avise le demandeur dans un d\u00e9lai de 2 mois \u00e0 compter de la r\u00e9ception du dossier en pr\u00e9fecture, par voie \u00e9lectronique ou par courrier avec accus\u00e9 de r\u00e9ception, en lui pr\u00e9cisant les pi\u00e8ces manquantes.<\/p>\n<p>\u00c0 compter de la date \u00e0 laquelle le dossier est complet ou a \u00e9t\u00e9 compl\u00e9t\u00e9, le pr\u00e9fet dispose l\u00e0 encore d&rsquo;un d\u00e9lai de 2 mois pour se prononcer, son silence, au terme de ce d\u00e9lai, valant rejet de la demande de classement.<\/p>\n<p>L&rsquo;arr\u00eat\u00e9 de classement, notifi\u00e9 au demandeur et publi\u00e9 au recueil des actes administratifs de la pr\u00e9fecture, d\u00e9limite le territoire class\u00e9 (un plan \u00e9tant annex\u00e9 \u00e0 l&rsquo;arr\u00eat\u00e9 de classement lorsque le territoire class\u00e9 ne se confond pas avec le territoire communal).<\/p>\n<p>Le rejet de la demande de classement par le pr\u00e9fet doit faire l&rsquo;objet d&rsquo;une d\u00e9cision motiv\u00e9e, notifi\u00e9e au demandeur.<\/p>\n<div>Sources :  <\/p>\n<ul>\n<li><a href=\"https:\/\/www.legifrance.gouv.fr\/jorf\/id\/JORFTEXT000053525578\" target=\"_blank\" rel=\"noopener\">D\u00e9cret no 2026-121 du 20 f\u00e9vrier 2026 relatif aux communes touristiques et \u00e0 la proc\u00e9dure de classement des stations class\u00e9es de tourisme, \u00e0 certains h\u00e9bergements touristiques marchands, et aux frais d&rsquo;immatriculation des op\u00e9rateurs de voyages et de s\u00e9jours<\/a><\/li>\n<li><a href=\"https:\/\/www.legifrance.gouv.fr\/jorf\/id\/JORFTEXT000053525608\" target=\"_blank\" rel=\"noopener\">Arr\u00eat\u00e9 du 20 f\u00e9vrier 2026 relatif aux frais d&rsquo;immatriculation pr\u00e9lev\u00e9s sur les agents de voyages et autres op\u00e9rateurs de voyages et de s\u00e9jours<\/a><\/li>\n<\/ul>\n<\/div>\n<p><a href=\"https:\/\/www.weblex.fr\/weblex-actualite\/secteur-du-tourisme-quelques-nouveautes-a-connaitre\" target=\"_blank\" rel=\"noopener\">Secteur du tourisme : quelques nouveaut\u00e9s \u00e0 conna\u00eetre<\/a> &#8211; \u00a9 Copyright WebLex<\/p>\n<p><img src=\"https:\/\/www.weblex.fr\/sites\/default\/files\/actualites\/images\/Shutterstock_classementtouristiques.jpg\"><\/p>\n","protected":false},"excerpt":{"rendered":"<p>En mati\u00e8re de tourisme, de r\u00e9centes mises \u00e0 jour juridiques s\u00e9curisent les proc\u00e9dures administratives li\u00e9es au secteur du tourisme, clarifient les r\u00e8gles de classement des communes et des h\u00e9bergements, encadrent les frais d&rsquo;immatriculation des op\u00e9rateurs de voyages et modifient les conditions financi\u00e8res des r\u00e9servations saisonni\u00e8res.<\/p>\n","protected":false},"featured_media":117687,"template":"","weblex-importer-activity":[],"weblex-importer-category":[62,63],"weblex-importer-tag":[198],"weblex-importer-keyword":[],"_links":{"self":[{"href":"https:\/\/www.secvergnaud.com\/index.php\/wp-json\/wp\/v2\/weblex-importer-post\/117686"}],"collection":[{"href":"https:\/\/www.secvergnaud.com\/index.php\/wp-json\/wp\/v2\/weblex-importer-post"}],"about":[{"href":"https:\/\/www.secvergnaud.com\/index.php\/wp-json\/wp\/v2\/types\/weblex-importer-post"}],"wp:featuredmedia":[{"embeddable":true,"href":"https:\/\/www.secvergnaud.com\/index.php\/wp-json\/wp\/v2\/media\/117687"}],"wp:attachment":[{"href":"https:\/\/www.secvergnaud.com\/index.php\/wp-json\/wp\/v2\/media?parent=117686"}],"wp:term":[{"taxonomy":"weblex-importer-activity","embeddable":true,"href":"https:\/\/www.secvergnaud.com\/index.php\/wp-json\/wp\/v2\/weblex-importer-activity?post=117686"},{"taxonomy":"weblex-importer-category","embeddable":true,"href":"https:\/\/www.secvergnaud.com\/index.php\/wp-json\/wp\/v2\/weblex-importer-category?post=117686"},{"taxonomy":"weblex-importer-tag","embeddable":true,"href":"https:\/\/www.secvergnaud.com\/index.php\/wp-json\/wp\/v2\/weblex-importer-tag?post=117686"},{"taxonomy":"weblex-importer-keyword","embeddable":true,"href":"https:\/\/www.secvergnaud.com\/index.php\/wp-json\/wp\/v2\/weblex-importer-keyword?post=117686"}],"curies":[{"name":"wp","href":"https:\/\/api.w.org\/{rel}","templated":true}]}}