{"id":117529,"date":"2026-02-26T00:00:00","date_gmt":"2026-02-25T23:00:00","guid":{"rendered":"https:\/\/www.secvergnaud.com\/index.php\/les-infos-du-jour\/debitants-de-tabac-qui-peut-pretendre-a-une-indemnite-de-cessation-dactivite\/"},"modified":"2026-02-26T00:00:00","modified_gmt":"2026-02-25T23:00:00","slug":"debitants-de-tabac-qui-peut-pretendre-a-une-indemnite-de-cessation-dactivite","status":"publish","type":"weblex-importer-post","link":"https:\/\/www.secvergnaud.com\/index.php\/les-infos-du-jour\/debitants-de-tabac-qui-peut-pretendre-a-une-indemnite-de-cessation-dactivite\/","title":{"rendered":"D\u00e9bitants de tabac : qui peut pr\u00e9tendre \u00e0 une indemnit\u00e9 de cessation d\u2019activit\u00e9 ?"},"content":{"rendered":"<p>Certains d\u00e9bitants de tabac qui cessent leur activit\u00e9 sans avoir la possibilit\u00e9 de trouver un successeur pour reprendre leur d\u00e9bit peuvent, sous conditions, b\u00e9n\u00e9ficier d\u2019une indemnit\u00e9. L\u2019une de ces conditions est notamment d\u2019avoir exerc\u00e9 dans un d\u00e9partement en difficult\u00e9, qui viennent d\u2019\u00eatre d\u00e9finis pour l\u2019ann\u00e9e 2026.<\/p>\n<h2>D\u00e9bits de tabacs : quels sont les d\u00e9partements consid\u00e9r\u00e9s comme \u00ab en difficult\u00e9 \u00bb ?<\/h2>\n<p>Une indemnit\u00e9 de fin d\u2019activit\u00e9 est pr\u00e9vue afin de permettre aux d\u00e9bitants de tabacs qui cessent leur activit\u00e9 sans pouvoir d\u00e9signer un successeur de b\u00e9n\u00e9ficier d\u2019une aide financi\u00e8re.<\/p>\n<p>Plusieurs conditions doivent \u00eatre remplies, tenant notamment au chiffre d\u2019affaires du d\u00e9bit de tabac ou \u00e0 la diligence des d\u00e9marches effectu\u00e9es par le g\u00e9rant pour trouver un repreneur.<\/p>\n<p>Un crit\u00e8re g\u00e9ographique est \u00e9galement \u00e0 prendre en compte. Il faut que le d\u00e9bit de tabac se trouve soit :<\/p>\n<ul>\n<li>soit dans un d\u00e9partement frontalier, dont la liste peut \u00eatre consult\u00e9e <a href=\"https:\/\/www.legifrance.gouv.fr\/loda\/id\/LEGIARTI000053515962\/2026-02-21#LEGIARTI000053515962\" target=\"_blank\" rel=\"noopener\">ici <\/a>(Annexe 2) ;<\/li>\n<li>soit dans un d\u00e9partement consid\u00e9r\u00e9 comme en difficult\u00e9.<\/li>\n<\/ul>\n<p>Il est consid\u00e9r\u00e9 qu\u2019un d\u00e9partement est en difficult\u00e9 lorsque le chiffre d\u2019affaires tabac r\u00e9alis\u00e9 par l\u2019ensemble des d\u00e9bitants l\u2019ann\u00e9e pr\u00e9c\u00e9dente est inf\u00e9rieur d\u2019au moins 5 % \u00e0 celui de l\u2019ann\u00e9e 2012.<\/p>\n<p>Une liste est publi\u00e9e annuellement pour \u00e9tablir les d\u00e9partements concern\u00e9s.<\/p>\n<p>Pour 2026, les d\u00e9partements en difficult\u00e9 \u00e9ligibles \u00e0 l\u2019aide sont donc :<\/p>\n<ul>\n<li>l\u2019Aisne ;<\/li>\n<li>les Alpes-Maritimes ;<\/li>\n<li>les Ardennes ;<\/li>\n<li>l\u2019Aube ;<\/li>\n<li>le Doubs ;<\/li>\n<li>la Marne ;<\/li>\n<li>la Haute-Marne ;<\/li>\n<li>la Meurthe-et-Moselle ;<\/li>\n<li>la Meuse ; &#8211; la Moselle ;<\/li>\n<li>l\u2019Oise ;<\/li>\n<li>les Pyr\u00e9n\u00e9es-Orientales ;<\/li>\n<li>le Bas-Rhin ;<\/li>\n<li>le Haut-Rhin ;<\/li>\n<li>la Haute-Sa\u00f4ne ;<\/li>\n<li>Paris ;<\/li>\n<li>les Vosges ;<\/li>\n<li>l\u2019Yonne ;<\/li>\n<li>le Territoire de Belfort ;<\/li>\n<li>la Seine-Saint-Denis ;<\/li>\n<li>le Val-de-Marne.<\/li>\n<\/ul>\n<div>Sources :  <\/p>\n<ul>\n<li><a href=\"https:\/\/www.legifrance.gouv.fr\/jorf\/id\/JORFTEXT000053510233\" target=\"_blank\" rel=\"noopener\">Arr\u00eat\u00e9 du 9 f\u00e9vrier 2026 constatant pour 2026 les d\u00e9partements en difficult\u00e9 ou frontaliers au titre d&rsquo;une aide en faveur des d\u00e9bitants de tabac ayant cess\u00e9 d\u00e9finitivement leur activit\u00e9<\/a><\/li>\n<\/ul>\n<\/div>\n<p><a href=\"https:\/\/www.weblex.fr\/weblex-actualite\/debitants-de-tabac-qui-peut-pretendre-a-une-indemnite-de-cessation-d-activite\" target=\"_blank\" rel=\"noopener\">D\u00e9bitants de tabac : qui peut pr\u00e9tendre \u00e0 une indemnit\u00e9 de cessation d\u2019activit\u00e9 ?<\/a> &#8211; \u00a9 Copyright WebLex<\/p>\n<p><img src=\"https:\/\/www.weblex.fr\/sites\/default\/files\/actualites\/images\/Shutterstock_aidesjuridique.jpg\"><\/p>\n","protected":false},"excerpt":{"rendered":"<p>Certains d\u00e9bitants de tabac qui cessent leur activit\u00e9 sans avoir la possibilit\u00e9 de trouver un successeur pour reprendre leur d\u00e9bit peuvent, sous conditions, b\u00e9n\u00e9ficier d\u2019une indemnit\u00e9. L\u2019une de ces conditions est notamment d\u2019avoir exerc\u00e9 dans un d\u00e9partement en difficult\u00e9, qui viennent d\u2019\u00eatre d\u00e9finis pour l\u2019ann\u00e9e 2026.<\/p>\n","protected":false},"featured_media":117530,"template":"","weblex-importer-activity":[],"weblex-importer-category":[62,63],"weblex-importer-tag":[198],"weblex-importer-keyword":[],"_links":{"self":[{"href":"https:\/\/www.secvergnaud.com\/index.php\/wp-json\/wp\/v2\/weblex-importer-post\/117529"}],"collection":[{"href":"https:\/\/www.secvergnaud.com\/index.php\/wp-json\/wp\/v2\/weblex-importer-post"}],"about":[{"href":"https:\/\/www.secvergnaud.com\/index.php\/wp-json\/wp\/v2\/types\/weblex-importer-post"}],"wp:featuredmedia":[{"embeddable":true,"href":"https:\/\/www.secvergnaud.com\/index.php\/wp-json\/wp\/v2\/media\/117530"}],"wp:attachment":[{"href":"https:\/\/www.secvergnaud.com\/index.php\/wp-json\/wp\/v2\/media?parent=117529"}],"wp:term":[{"taxonomy":"weblex-importer-activity","embeddable":true,"href":"https:\/\/www.secvergnaud.com\/index.php\/wp-json\/wp\/v2\/weblex-importer-activity?post=117529"},{"taxonomy":"weblex-importer-category","embeddable":true,"href":"https:\/\/www.secvergnaud.com\/index.php\/wp-json\/wp\/v2\/weblex-importer-category?post=117529"},{"taxonomy":"weblex-importer-tag","embeddable":true,"href":"https:\/\/www.secvergnaud.com\/index.php\/wp-json\/wp\/v2\/weblex-importer-tag?post=117529"},{"taxonomy":"weblex-importer-keyword","embeddable":true,"href":"https:\/\/www.secvergnaud.com\/index.php\/wp-json\/wp\/v2\/weblex-importer-keyword?post=117529"}],"curies":[{"name":"wp","href":"https:\/\/api.w.org\/{rel}","templated":true}]}}