{"id":117527,"date":"2026-02-26T00:00:00","date_gmt":"2026-02-25T23:00:00","guid":{"rendered":"https:\/\/www.secvergnaud.com\/index.php\/les-infos-du-jour\/recodification-de-la-tva-des-consequences-sur-la-reforme-de-la-facturation-electronique\/"},"modified":"2026-02-26T00:00:00","modified_gmt":"2026-02-25T23:00:00","slug":"recodification-de-la-tva-des-consequences-sur-la-reforme-de-la-facturation-electronique","status":"publish","type":"weblex-importer-post","link":"https:\/\/www.secvergnaud.com\/index.php\/les-infos-du-jour\/recodification-de-la-tva-des-consequences-sur-la-reforme-de-la-facturation-electronique\/","title":{"rendered":"Recodification de la TVA : des cons\u00e9quences sur la r\u00e9forme de la facturation \u00e9lectronique ?"},"content":{"rendered":"<p>\u00c0 compter du 1er septembre 2026, les r\u00e8gles relatives \u00e0 la TVA seront transf\u00e9r\u00e9es du Code g\u00e9n\u00e9ral des imp\u00f4ts (CGI) vers le Code des impositions sur les biens et services (CIBS). Mais concr\u00e8tement, ce transfert va-t-il avoir des r\u00e9percussions sur la r\u00e9forme de la facturation \u00e9lectronique dont le d\u00e9ploiement d\u00e9butera \u00e0 cette m\u00eame date ? R\u00e9ponse\u2026<\/p>\n<h2>Recodification des r\u00e8gles relatives \u00e0 la TVA et facturation \u00e9lectronique : mode d\u2019emploi<\/h2>\n<p>D\u00e8s le 1er septembre 2026, les dispositions relatives \u00e0 la TVA qui, jusqu\u2019\u00e0 cette date, figurent dans le Code g\u00e9n\u00e9ral des imp\u00f4ts (CGI), seront transf\u00e9r\u00e9es dans le Code des impositions sur les biens et services (CIBS).<\/p>\n<p>La TVA deviendra \u00e9galement soumise aux dispositions communes applicables \u00e0 toutes les impositions sur les biens et services.<\/p>\n<p>Des pr\u00e9cisions viennent d\u2019\u00eatre apport\u00e9es par l\u2019administration quant aux cons\u00e9quences de ce transfert dans le cadre de la r\u00e9forme de la facturation \u00e9lectronique, et elle est tr\u00e8s claire : les dispositions l\u00e9gislatives du CGI r\u00e9gissant le format des factures ou la transmission d\u2019informations sous forme \u00e9lectronique conservent toute leur port\u00e9e \u00e0 compter du 1er septembre 2026, et aussi longtemps qu\u2019elles n\u2019auront pas \u00e9t\u00e9 reprises par le CIBS, sous r\u00e9serve \u00e9videmment des modifications qui seront pr\u00e9vues par une loi de finances ou un autre texte.<\/p>\n<p>Plus g\u00e9n\u00e9ralement, le calendrier de cette r\u00e9forme, son contenu et ses modalit\u00e9s d\u2019application au 1er septembre 2026 ne sont en rien affect\u00e9s. Il est pr\u00e9cis\u00e9 que ce transfert n\u2019a aucune incidence sur les r\u00e8gles de facturation. En effet :<\/p>\n<ul>\n<li>la recodification est effectu\u00e9e \u00e0 droit constant ;<\/li>\n<li>les r\u00e8gles d\u00e9terminant le format des factures et la transmission \u00e9lectronique de donn\u00e9es restent r\u00e9gies par les dispositions du CGI \u00e0 compter du 1er septembre 2026 ;<\/li>\n<li>ce n\u2019est qu\u2019\u00e0 l\u2019occasion de leur reprise \u00e0 l\u2019identique dans la partie r\u00e9glementaire du CIBS que les bases juridiques seront modifi\u00e9es.<\/li>\n<\/ul>\n<p>Par voie de cons\u00e9quence, en mati\u00e8re de facturation \u00e9lectronique, il convient de continuer \u00e0 se r\u00e9f\u00e9rer pour le moment aux dispositions du CGI.<\/p>\n<div>Sources :  <\/p>\n<ul>\n<li><a href=\"https:\/\/bofip.impots.gouv.fr\/bofip\/14914-PGP.html\/ACTU-2025-00203\" target=\"_blank\" rel=\"noopener\">Rescrit Bofip du 18 f\u00e9vrier 2926 : \u00ab TVA &#8211; Consultation publique &#8211; Dispositions transitoires li\u00e9es \u00e0 l\u2019entr\u00e9e en vigueur de l\u2019ordonnance codifiant la taxe sur la valeur ajout\u00e9e dans le code des impositions sur les biens et services \u00bb<\/a><\/li>\n<\/ul>\n<\/div>\n<p><a href=\"https:\/\/www.weblex.fr\/weblex-actualite\/recodification-de-la-tva-des-consequences-sur-la-reforme-de-la-facturation-electronique\" target=\"_blank\" rel=\"noopener\">Recodification de la TVA : des cons\u00e9quences sur la r\u00e9forme de la facturation \u00e9lectronique ?<\/a> &#8211; \u00a9 Copyright WebLex<\/p>\n<p><img src=\"https:\/\/www.weblex.fr\/sites\/default\/files\/actualites\/images\/Shutterstock_factureelecTVA.jpg\"><\/p>\n","protected":false},"excerpt":{"rendered":"<p>\u00c0 compter du 1er septembre 2026, les r\u00e8gles relatives \u00e0 la TVA seront transf\u00e9r\u00e9es du Code g\u00e9n\u00e9ral des imp\u00f4ts (CGI) vers le Code des impositions sur les biens et services (CIBS). Mais concr\u00e8tement, ce transfert va-t-il avoir des r\u00e9percussions sur la r\u00e9forme de la facturation \u00e9lectronique dont le d\u00e9ploiement d\u00e9butera \u00e0 cette m\u00eame date ? R\u00e9ponse\u2026<\/p>\n","protected":false},"featured_media":117528,"template":"","weblex-importer-activity":[],"weblex-importer-category":[62,66],"weblex-importer-tag":[198],"weblex-importer-keyword":[],"_links":{"self":[{"href":"https:\/\/www.secvergnaud.com\/index.php\/wp-json\/wp\/v2\/weblex-importer-post\/117527"}],"collection":[{"href":"https:\/\/www.secvergnaud.com\/index.php\/wp-json\/wp\/v2\/weblex-importer-post"}],"about":[{"href":"https:\/\/www.secvergnaud.com\/index.php\/wp-json\/wp\/v2\/types\/weblex-importer-post"}],"wp:featuredmedia":[{"embeddable":true,"href":"https:\/\/www.secvergnaud.com\/index.php\/wp-json\/wp\/v2\/media\/117528"}],"wp:attachment":[{"href":"https:\/\/www.secvergnaud.com\/index.php\/wp-json\/wp\/v2\/media?parent=117527"}],"wp:term":[{"taxonomy":"weblex-importer-activity","embeddable":true,"href":"https:\/\/www.secvergnaud.com\/index.php\/wp-json\/wp\/v2\/weblex-importer-activity?post=117527"},{"taxonomy":"weblex-importer-category","embeddable":true,"href":"https:\/\/www.secvergnaud.com\/index.php\/wp-json\/wp\/v2\/weblex-importer-category?post=117527"},{"taxonomy":"weblex-importer-tag","embeddable":true,"href":"https:\/\/www.secvergnaud.com\/index.php\/wp-json\/wp\/v2\/weblex-importer-tag?post=117527"},{"taxonomy":"weblex-importer-keyword","embeddable":true,"href":"https:\/\/www.secvergnaud.com\/index.php\/wp-json\/wp\/v2\/weblex-importer-keyword?post=117527"}],"curies":[{"name":"wp","href":"https:\/\/api.w.org\/{rel}","templated":true}]}}