{"id":117488,"date":"2026-02-25T00:00:00","date_gmt":"2026-02-24T23:00:00","guid":{"rendered":"https:\/\/www.secvergnaud.com\/index.php\/les-infos-du-jour\/impots-et-taxes-pour-les-secteurs-de-limmobilier-et-de-la-construction-ce-qui-va-changer-en-2026\/"},"modified":"2026-02-25T00:00:00","modified_gmt":"2026-02-24T23:00:00","slug":"impots-et-taxes-pour-les-secteurs-de-limmobilier-et-de-la-construction-ce-qui-va-changer-en-2026","status":"publish","type":"weblex-importer-post","link":"https:\/\/www.secvergnaud.com\/index.php\/les-infos-du-jour\/impots-et-taxes-pour-les-secteurs-de-limmobilier-et-de-la-construction-ce-qui-va-changer-en-2026\/","title":{"rendered":"Imp\u00f4ts et taxes pour les secteurs de l\u2019immobilier et de la construction : ce qui va changer en 2026"},"content":{"rendered":"<p>Parmi les mesures adopt\u00e9es dans le cadre de la loi de finances pour 2026, il faut noter un certain nombre de dispositifs qui int\u00e9ressent sp\u00e9cialement les secteurs de l\u2019immobilier et de la construction. Voici un panorama rapide des mesures essentielles \u00e0 retenir \u00e0 ce sujet\u2026<\/p>\n<h2>En mati\u00e8re de revenus fonciers<\/h2>\n<p>Amortissement des biens immobiliers acquis en vue d\u2019une location nue<\/p>\n<p>La loi de finances pour 2026 r\u00e9introduit un m\u00e9canisme de d\u00e9duction au titre de l\u2019amortissement du prix d\u2019acquisition de logements, en contrepartie d\u2019un engagement du propri\u00e9taire de louer le logement \u00e0 titre de r\u00e9sidence principale pendant une dur\u00e9e minimale de 9 ans, sous r\u00e9serve du respect de plafonds de loyer et de ressources, appr\u00e9ci\u00e9s \u00e0 la date de conclusion du bail, en dehors du cercle familial (incluant les parents, grands-parents, enfants, petits-enfants et fr\u00e8res et s\u0153urs, de m\u00eame que les associ\u00e9s dans le cas d\u2019une SCI).<\/p>\n<p>R\u00e9serv\u00e9e aux particuliers et aux associ\u00e9s de soci\u00e9t\u00e9 non soumise \u00e0 l\u2019imp\u00f4t sur les soci\u00e9t\u00e9s, cette d\u00e9duction peut s\u2019appliquer aux logements acquis neufs ou en l&rsquo;\u00e9tat futur d&rsquo;ach\u00e8vement, aux logements que le contribuable fait construire, aux logements qui font ou qui ont fait l&rsquo;objet de travaux concourant \u00e0 la production ou \u00e0 la livraison d&rsquo;un immeuble neuf, aux logements pour lesquels les travaux d&rsquo;am\u00e9lioration repr\u00e9sentent au moins 30 % du prix d&rsquo;acquisition du logement et qui satisfont les crit\u00e8res d&rsquo;une r\u00e9habilitation lourde.<\/p>\n<p>Les taux d&rsquo;amortissement varient selon le type de bien (logement neuf ou ancien r\u00e9habilit\u00e9) et l&rsquo;affectation du logement \u00e0 la location interm\u00e9diaire, sociale ou tr\u00e8s sociale, allant ainsi de 3 % \u00e0 5,5 %, l\u2019amortissement \u00e9tant calcul\u00e9 sur le prix d&rsquo;acquisition du logement, net de frais, sous d\u00e9duction de la valeur du foncier (estim\u00e9e forfaitairement \u00e0 20 % du prix d&rsquo;acquisition).<\/p>\n<p>Le montant total des amortissements d\u00e9ductibles est plafonn\u00e9 \u00e0 8 000 \u20ac par an et par foyer fiscal. Ce montant est major\u00e9 de 2 000 \u20ac ou 4 000 \u20ac lorsque 50 % au moins des revenus bruts issus des logements b\u00e9n\u00e9ficiaires desdits amortissements sont affect\u00e9s respectivement \u00e0 la location sociale ou \u00e0 la location tr\u00e8s sociale.<\/p>\n<p>D\u00e9ficits fonciers<\/p>\n<p>Le d\u00e9ficit foncier est imputable sur le revenu global, sous conditions, dans la limite de 10 700 \u20ac par an, et \u00e0 raison des seuls d\u00e9ficits qui ne proviennent pas des int\u00e9r\u00eats d\u2019emprunt. Si le montant du revenu global n\u2019est pas suffisant pour absorber ce d\u00e9ficit, l\u2019exc\u00e9dent est alors imputable sur les revenus globaux des 6 ann\u00e9es suivantes.<\/p>\n<p>Cette limite de 10 700 \u20ac a \u00e9t\u00e9 temporairement rehauss\u00e9e \u00e0 21 400 \u20ac par an au maximum lorsque le d\u00e9ficit se rapporte aux d\u00e9penses de travaux de r\u00e9novation \u00e9nerg\u00e9tique qui permettent \u00e0 un bien de passer d\u2019une classe \u00e9nerg\u00e9tique E, F ou G \u00e0 une classe \u00e9nerg\u00e9tique A, B, C ou D au plus tard le 31 d\u00e9cembre 2025.<\/p>\n<p>La loi de finances pour 2026 prolonge ce rehaussement temporaire \u00e0 21 400 \u20ac par an jusqu\u2019au 31 d\u00e9cembre 2027 pour les d\u00e9penses de r\u00e9novation \u00e9nerg\u00e9tique pay\u00e9es entre le 1er janvier 2026 et le 31 d\u00e9cembre 2027.<\/p>\n<p>Location meubl\u00e9e professionnelle<\/p>\n<p>L&rsquo;activit\u00e9 de location directe ou indirecte de locaux d&rsquo;habitation meubl\u00e9s ou destin\u00e9s \u00e0 \u00eatre lou\u00e9s meubl\u00e9s est exerc\u00e9e \u00e0 titre professionnel lorsque :<\/p>\n<ul>\n<li>les recettes annuelles retir\u00e9es de cette activit\u00e9 par l&rsquo;ensemble des membres du foyer fiscal exc\u00e8dent 23 000 \u20ac ;<\/li>\n<li>ces recettes exc\u00e8dent les revenus professionnels du foyer fiscal soumis \u00e0 l&rsquo;imp\u00f4t sur le revenu dans les cat\u00e9gories des traitements et salaires, des b\u00e9n\u00e9fices industriels et commerciaux autres que ceux tir\u00e9s de l&rsquo;activit\u00e9 de location meubl\u00e9e, des b\u00e9n\u00e9fices agricoles, des b\u00e9n\u00e9fices non commerciaux et des revenus des g\u00e9rants et associ\u00e9s.<\/li>\n<\/ul>\n<p>La loi de finances pour 2026 pr\u00e9cise que, par d\u00e9rogation, lorsque le contribuable n\u2019a pas sa r\u00e9sidence fiscale en France, les recettes annuelles retir\u00e9es de cette activit\u00e9 de location meubl\u00e9e doivent exc\u00e9der les revenus professionnels de m\u00eame nature que ceux pr\u00e9cit\u00e9s et qui sont soumis \u00e0 un imp\u00f4t \u00e9quivalent \u00e0 l\u2019imp\u00f4t sur le revenu dans son \u00c9tat de r\u00e9sidence.<\/p>\n<p>R\u00e9duction de loyer de solidarit\u00e9<\/p>\n<p>Pour les logements ouvrant droit \u00e0 l&rsquo;aide personnalis\u00e9e au logement (APL), \u00e0 l&rsquo;exception des logements-foyers conventionn\u00e9s, une r\u00e9duction de loyer de solidarit\u00e9 (RLS) est appliqu\u00e9e par les bailleurs aux locataires dont les ressources sont inf\u00e9rieures \u00e0 un plafond, en fonction de la composition du foyer et de la zone g\u00e9ographique.<\/p>\n<p>Pour l\u2019ann\u00e9e 2026, \u00e0 titre d\u00e9rogatoire, l\u2019\u00e9volution en moyenne annuelle du montant mensuel de la r\u00e9duction de loyer de solidarit\u00e9 peut \u00eatre inf\u00e9rieure \u00e0 l\u2019\u00e9volution de l\u2019indice de r\u00e9f\u00e9rence des loyers (en principe, chaque ann\u00e9e, la revalorisation en moyenne annuelle du montant mensuel de la r\u00e9duction de loyer de solidarit\u00e9 correspond au moins \u00e0 l\u2019\u00e9volution de l\u2019indice de r\u00e9f\u00e9rence des loyers).<\/p>\n<p>Le montant mensuel en moyenne annuelle qui en r\u00e9sulte ne peut \u00eatre inf\u00e9rieur de plus de 25 % \u00e0 celui de l\u2019ann\u00e9e 2025.<\/p>\n<h2>En mati\u00e8re de ventes immobili\u00e8res<\/h2>\n<p>La loi de finances pour 2026 reconduit pour 2 ans, jusqu\u2019au 31 d\u00e9cembre 2027, l\u2019exon\u00e9ration des plus-values de cession d&rsquo;immeubles \u00e0 un organisme en charge du logement social, destin\u00e9s au logement social ou interm\u00e9diaire, et l&rsquo;abattement exceptionnel sur les plus-values de cession d&rsquo;immeubles situ\u00e9s en zones tendues ou dans le p\u00e9rim\u00e8tre d&rsquo;une grande op\u00e9ration d&rsquo;urbanisme, dans celui d&rsquo;une op\u00e9ration de revitalisation du territoire ou dans celui d&rsquo;une op\u00e9ration d&rsquo;int\u00e9r\u00eat national.<\/p>\n<h2>En mati\u00e8re de TVA<\/h2>\n<p>\u00c9quipements \u00e9ligibles au taux r\u00e9duit de TVA<\/p>\n<p>La loi de finances revient sur les conditions d\u2019application du taux r\u00e9duit de TVA \u00e0 5,5 % \u00e0 certains \u00e9quipements. Sont \u00e9ligibles \u00e0 ce taux r\u00e9duit :<\/p>\n<ul>\n<li>les pompes \u00e0 chaleur air\/air qui r\u00e9pondent \u00e0 des crit\u00e8res de performance environnementale et de durabilit\u00e9 appr\u00e9ci\u00e9s sur leur cycle de vie ;<\/li>\n<li>les panneaux photovolta\u00efques, pour autant que les prestations de pose, d\u2019installation et d\u2019entretien de ces \u00e9quipements soient r\u00e9alis\u00e9es par une personne disposant d\u2019une certification ou d\u2019une qualification professionnelle en cours de validit\u00e9 correspondant au type d\u2019installation r\u00e9alis\u00e9e et \u00e0 la taille du chantier et r\u00e9pondant aux exigences techniques r\u00e9glementaires ;<\/li>\n<li>les livraisons d\u2019\u00e9nergie frigorifique distribu\u00e9e par r\u00e9seaux.<br \/>&nbsp;<\/li>\n<\/ul>\n<p>TVA et logement locatif social et interm\u00e9diaire<\/p>\n<p>La loi de finances revient sur les dispositions relatives au logement locatif social et interm\u00e9diaire.<\/p>\n<p>Tout d\u2019abord, elle aligne les plafonds retenus pour l\u2019application du dispositif de taux r\u00e9duit de TVA de 5,5 % dans les quartiers cibl\u00e9s par la politique de la ville (agence nationale pour la r\u00e9novation urbaine\/quartier prioritaire de la politique de la ville) avec ceux d\u00e9j\u00e0 retenus pour l\u2019accession au titre du pr\u00eat social de location-accession et du bail r\u00e9el solidaire.<\/p>\n<p>Ensuite, elle revient sur la condition de mixit\u00e9 pour le b\u00e9n\u00e9fice du taux de TVA de 10 % applicable aux livraisons de logements locatifs du secteur interm\u00e9diaire : elle pr\u00e9cise que la proportion du nombre de logements locatifs sociaux doit exc\u00e9der 25 % des logements de l&rsquo;ensemble immobilier qui sont soit des logements locatifs sociaux, soit des logements locatifs interm\u00e9diaires. Cela signifie que, pour le calcul de la proportion du nombre de logements sociaux, il faut uniquement prendre en compte le nombre de logements sociaux et de logements interm\u00e9diaires, sans tenir compte des autres cat\u00e9gories de logements \u00e9ventuellement construits au sein de l&rsquo;ensemble immobilier.<\/p>\n<p>Enfin, pour l\u2019application du taux r\u00e9duit de TVA de 10 % applicable aux livraisons de logements locatifs du secteur interm\u00e9diaire, jusqu\u2019alors, pendant les 20 ans suivant le fait g\u00e9n\u00e9rateur (en g\u00e9n\u00e9ral l\u2019ach\u00e8vement de l\u2019immeuble), le taux r\u00e9duit de 10 % \u00e9tait remis en cause si les logements cessaient d\u2019\u00eatre lou\u00e9s. Une exception \u00e9tait pr\u00e9vue \u00e0 partir de la 11e ann\u00e9e : la remise en cause n\u2019avait pas lieu si la cessation de location r\u00e9sultait de la vente des logements, \u00e0 condition de respecter un plafond fix\u00e9 jusqu\u2019\u00e0 la 16e ann\u00e9e, les ventes ne pouvant alors porter sur plus de 50 % des logements.<\/p>\n<p>La loi de finances pour 2026 resserre le dispositif : d\u00e9sormais, elle pr\u00e9cise que pendant les 15 premi\u00e8res ann\u00e9es suivant le fait g\u00e9n\u00e9rateur, les cessions ne peuvent pas porter sur plus de 50 % des logements.<\/p>\n<h2>En mati\u00e8re d\u2019imp\u00f4ts locaux<\/h2>\n<p>R\u00e9vision des valeurs locatives<\/p>\n<p>La loi de finances pour 2026 reporte d\u2019un an l\u2019int\u00e9gration de l\u2019actualisation sexennale des valeurs locatives des locaux professionnels dans les bases locales d\u2019imposition, soit de 2026 \u00e0 2027.<\/p>\n<p>Taxe d\u2019habitation sur les r\u00e9sidences secondaires<\/p>\n<p>La loi de finances pour 2026 pr\u00e9voit que les communes et les \u00e9tablissements publics de coop\u00e9ration intercommunale (EPCI) \u00e0 fiscalit\u00e9 propre peuvent, par d\u00e9lib\u00e9ration, exon\u00e9rer de taxe d\u2019habitation sur les r\u00e9sidences secondaires (THRS), pour la part qui leur revient :<\/p>\n<ul>\n<li>les locaux class\u00e9s meubl\u00e9s de tourisme<\/li>\n<li>les chambres d&rsquo;h\u00f4tes, \u00e0 savoir les chambres meubl\u00e9es situ\u00e9es chez l&rsquo;habitant en vue d&rsquo;accueillir des touristes, \u00e0 titre on\u00e9reux, pour une ou plusieurs nuit\u00e9es, assorties de prestations<\/li>\n<\/ul>\n<p>Par ailleurs, la loi de finances pour 2026 ajoute parmi les locaux exclus du champ de la THRS les g\u00eetes ruraux, entendus comme des meubl\u00e9s de tourisme qui respectent des signes de qualit\u00e9 officiels reconnus par l\u2019\u00c9tat et d\u00e9finis par d\u00e9cret, faisant l\u2019objet de contr\u00f4les r\u00e9guliers par les organismes gestionnaires, et qui r\u00e9pondent aux caract\u00e9ristiques cumulatives suivantes :<\/p>\n<ul>\n<li>\u00eatre une maison ind\u00e9pendante ou un appartement situ\u00e9 dans un b\u00e2timent comprenant 4 habitations au plus ;<\/li>\n<li>ne pas \u00eatre situ\u00e9s sur le territoire d\u2019une m\u00e9tropole (\u00e9tablissement public de coop\u00e9ration intercommunale \u00e0 fiscalit\u00e9 propre regroupant plusieurs communes d&rsquo;un seul tenant et sans enclave au sein d&rsquo;un espace de solidarit\u00e9).<br \/>&nbsp;<\/li>\n<\/ul>\n<p>Taxe sur les logements vacants<\/p>\n<p>La loi de finances pour 2026 substitue aux 2 taxes existantes, \u00e0 savoir la taxe sur les logements vacants (TLV) en zone tendue et la taxe d\u2019habitation sur les logements vacants (THLV) en zone non tendue, une seule imposition affect\u00e9e aux communes et distincte de la taxe d\u2019habitation sur les r\u00e9sidences secondaires (THRS) : la taxe sur la vacance des locaux d\u2019habitation.<\/p>\n<p>La taxe sur la vacance des locaux d\u2019habitation est due pour les logements vacants au 1er janvier de l\u2019ann\u00e9e d\u2019imposition depuis au moins :<\/p>\n<ul>\n<li>une ann\u00e9e lorsque le logement est situ\u00e9 dans une commune qui pr\u00e9sente un d\u00e9s\u00e9quilibre marqu\u00e9 entre l\u2019offre et la demande de logements entra\u00eenant des difficult\u00e9s s\u00e9rieuses d\u2019acc\u00e8s au logement sur l\u2019ensemble du parc r\u00e9sidentiel existant ;<\/li>\n<li>deux ann\u00e9es lorsque le logement est situ\u00e9 dans le reste du territoire. Le taux de cette taxe, calcul\u00e9e sur la base de la valeur locative du logement, est fonction du lieu de situation du bien.<\/li>\n<\/ul>\n<p>Taxe d\u2019am\u00e9nagement<\/p>\n<p>La taxe d\u2019am\u00e9nagement s\u2019applique \u00e0 toutes les op\u00e9rations soumises \u00e0 autorisation d\u2019urbanisme, qu\u2019il s\u2019agisse de constructions, reconstructions, agrandissements ou am\u00e9nagements (permis de construire, permis d\u2019am\u00e9nager ou d\u00e9claration pr\u00e9alable).<\/p>\n<p>La loi de finances pour 2026 revient sur les exon\u00e9rations possibles applicables \u00e0 cette taxe.<\/p>\n<p>Tout d\u2019abord, elle \u00e9tend l\u2019exon\u00e9ration de taxe d\u2019am\u00e9nagement aux op\u00e9rations de transformation de b\u00e2timents \u00e0 destination autre que d\u2019habitation en b\u00e2timents \u00e0 destination d\u2019habitation r\u00e9alis\u00e9es dans les p\u00e9rim\u00e8tres d\u00e9limit\u00e9s par une convention de projet urbain.<\/p>\n<p>Ensuite, elle ajoute les annexes aux logements sociaux dans les territoires de la Guadeloupe, de la Martinique, de la R\u00e9union, en Guyane et \u00e0 Mayotte qui ne b\u00e9n\u00e9ficient pas d\u2019une autre exon\u00e9ration.<\/p>\n<p>Enfin, elle pr\u00e9voit que peuvent \u00eatre exon\u00e9r\u00e9s, sur d\u00e9lib\u00e9ration des collectivit\u00e9s locales, les magasins et boutiques dont la surface principale est inf\u00e9rieure \u00e0 400 m\u00b2 et qui ne sont pas int\u00e9gr\u00e9s \u00e0 un ensemble commercial et les abris de jardin et les serres de jardin destin\u00e9s \u00e0 un usage non professionnel dont la surface est inf\u00e9rieure ou \u00e9gale \u00e0 20 m\u00b2.<\/p>\n<p>Par ailleurs, la loi de finances revient sur les dispositions applicables aux grands projets, pour lesquels des acomptes de taxe sont exigibles : d\u00e9sormais, la surface caract\u00e9ristique qui permet de d\u00e9finir un grand projet est fix\u00e9e \u00e0 3 000 m\u00b2 au lieu de 5 000 m\u00b2 auparavant.<\/p>\n<p>Taxe annuelle sur les friches commerciales<\/p>\n<p>Les communes peuvent, sur d\u00e9lib\u00e9ration, instituer une taxe annuelle sur les friches commerciales situ\u00e9es sur leur territoire.<\/p>\n<p>Cette taxe, institu\u00e9e avant le 1er octobre de l\u2019ann\u00e9e pour une application \u00e0 compter de l\u2019ann\u00e9e suivante, vise les locaux commerciaux remplissant les conditions cumulatives suivantes :<\/p>\n<ul>\n<li>\u00eatre passible de la taxe fonci\u00e8re sur les propri\u00e9t\u00e9s b\u00e2ties (TFPB) ;<\/li>\n<li>ne plus \u00eatre affect\u00e9 \u00e0 une activit\u00e9 entrant dans le champ d\u2019application de la cotisation fonci\u00e8re des entreprises (CFE) ;<\/li>\n<li>\u00eatre inexploit\u00e9 pendant au moins deux ans au 1er janvier de l\u2019ann\u00e9e d\u2019imposition et rester inoccup\u00e9 au cours de la m\u00eame p\u00e9riode.<\/li>\n<\/ul>\n<p>La loi de finances pour 2026 autorise les communes, \u00e0 titre d\u00e9rogatoire, \u00e0 instituer la taxe sur le seul p\u00e9rim\u00e8tre de leur territoire correspondant aux secteurs d\u2019intervention d\u00e9limit\u00e9s par une convention d\u2019op\u00e9ration de revitalisation de territoire pr\u00e9voyant des actions favorisant, en particulier en centre-ville, la cr\u00e9ation, l&rsquo;extension, la transformation ou la reconversion de surfaces commerciales ou artisanales.<\/p>\n<div>Sources :  <\/p>\n<ul>\n<li><a href=\"https:\/\/www.legifrance.gouv.fr\/jorf\/id\/JORFTEXT000053508155\" target=\"_blank\" rel=\"noopener\">Loi de finances pour 2026 du 19 f\u00e9vrier 2026, no 2026-103<\/a><\/li>\n<\/ul>\n<\/div>\n<p><a href=\"https:\/\/www.weblex.fr\/weblex-actualite\/impots-et-taxes-pour-les-secteurs-de-l-immobilier-et-de-la-construction-ce-qui-va-changer-en-2026\" target=\"_blank\" rel=\"noopener\">Imp\u00f4ts et taxes pour les secteurs de l\u2019immobilier et de la construction : ce qui va changer en 2026<\/a> &#8211; \u00a9 Copyright WebLex<\/p>\n<p><img src=\"https:\/\/www.weblex.fr\/sites\/default\/files\/actualites\/images\/Shutterstock_lfimmoconstruction.jpg\"><\/p>\n","protected":false},"excerpt":{"rendered":"<p>Parmi les mesures adopt\u00e9es dans le cadre de la loi de finances pour 2026, il faut noter un certain nombre de dispositifs qui int\u00e9ressent sp\u00e9cialement les secteurs de l\u2019immobilier et de la construction. Voici un panorama rapide des mesures essentielles \u00e0 retenir \u00e0 ce sujet\u2026<\/p>\n","protected":false},"featured_media":117489,"template":"","weblex-importer-activity":[],"weblex-importer-category":[62,66],"weblex-importer-tag":[198],"weblex-importer-keyword":[],"_links":{"self":[{"href":"https:\/\/www.secvergnaud.com\/index.php\/wp-json\/wp\/v2\/weblex-importer-post\/117488"}],"collection":[{"href":"https:\/\/www.secvergnaud.com\/index.php\/wp-json\/wp\/v2\/weblex-importer-post"}],"about":[{"href":"https:\/\/www.secvergnaud.com\/index.php\/wp-json\/wp\/v2\/types\/weblex-importer-post"}],"wp:featuredmedia":[{"embeddable":true,"href":"https:\/\/www.secvergnaud.com\/index.php\/wp-json\/wp\/v2\/media\/117489"}],"wp:attachment":[{"href":"https:\/\/www.secvergnaud.com\/index.php\/wp-json\/wp\/v2\/media?parent=117488"}],"wp:term":[{"taxonomy":"weblex-importer-activity","embeddable":true,"href":"https:\/\/www.secvergnaud.com\/index.php\/wp-json\/wp\/v2\/weblex-importer-activity?post=117488"},{"taxonomy":"weblex-importer-category","embeddable":true,"href":"https:\/\/www.secvergnaud.com\/index.php\/wp-json\/wp\/v2\/weblex-importer-category?post=117488"},{"taxonomy":"weblex-importer-tag","embeddable":true,"href":"https:\/\/www.secvergnaud.com\/index.php\/wp-json\/wp\/v2\/weblex-importer-tag?post=117488"},{"taxonomy":"weblex-importer-keyword","embeddable":true,"href":"https:\/\/www.secvergnaud.com\/index.php\/wp-json\/wp\/v2\/weblex-importer-keyword?post=117488"}],"curies":[{"name":"wp","href":"https:\/\/api.w.org\/{rel}","templated":true}]}}