{"id":117427,"date":"2026-02-25T00:00:00","date_gmt":"2026-02-24T23:00:00","guid":{"rendered":"https:\/\/www.secvergnaud.com\/index.php\/les-infos-du-jour\/territoires-zero-chomeur-quels-parametres-en-2026\/"},"modified":"2026-02-25T00:00:00","modified_gmt":"2026-02-24T23:00:00","slug":"territoires-zero-chomeur-quels-parametres-en-2026","status":"publish","type":"weblex-importer-post","link":"https:\/\/www.secvergnaud.com\/index.php\/les-infos-du-jour\/territoires-zero-chomeur-quels-parametres-en-2026\/","title":{"rendered":"Territoires z\u00e9ro ch\u00f4meur : quels param\u00e8tres en 2026 ?"},"content":{"rendered":"<p>Apr\u00e8s avoir \u00e9t\u00e9 prolong\u00e9 par la loi de finances pour 2026, l\u2019exp\u00e9rimentation \u00ab Territoire 0 ch\u00f4meur longue dur\u00e9e \u00bb fait peau neuve. Au programme : une nouvelle aide financi\u00e8re fix\u00e9e pour le 1er semestre 2026 et de nouveaux territoires int\u00e9gr\u00e9s \u00e0 l\u2019exp\u00e9rimentation \u2026<\/p>\n<h2>Une exp\u00e9rimentation \u00e9tendue \u00e0 de nouveaux territoires et une nouvelle aide financi\u00e8re en 2026<\/h2>\n<p>Pour m\u00e9moire, l\u2019exp\u00e9rimentation \u00ab Territoire z\u00e9ro ch\u00f4meur de longue dur\u00e9e \u00bb (TZCLD) a \u00e9t\u00e9 lanc\u00e9e par une loi d\u2019exp\u00e9rimentation territoriale visant \u00e0 r\u00e9sorber le ch\u00f4mage de longue dur\u00e9e.<\/p>\n<p>Elle a pour objectif de cr\u00e9er des emplois en CDI pour des personnes priv\u00e9es d\u2019emploi depuis plus d\u2019un an au sein de structures de l\u2019\u00e9conomie sociale et solidaire appel\u00e9es \u00ab entreprises \u00e0 but d\u2019emploi \u00bb.<\/p>\n<p>Le principe repose sur l\u2019id\u00e9e que le retour \u00e0 l\u2019emploi permet de g\u00e9n\u00e9rer des d\u00e9penses \u00ab \u00e9vit\u00e9es \u00bb (notamment une baisse des allocations et des co\u00fbts li\u00e9s au ch\u00f4mage), tout en augmentant les recettes publiques (imp\u00f4ts et cotisations).<\/p>\n<p>Une partie de ces montants est alors mobilis\u00e9e pour contribuer au financement des emplois cr\u00e9\u00e9s.<\/p>\n<p>R\u00e9cemment, l\u2019exp\u00e9rimentation, initialement cens\u00e9e s\u2019achever le 30 juin 2026, a finalement \u00e9t\u00e9 prolong\u00e9e jusqu\u2019au 31 d\u00e9cembre 2026 par la loi de finances pour 2026.<\/p>\n<p>Dans ce cadre, le montant de la participation financi\u00e8re de l\u2019\u00c9tat visant \u00e0 encourager l\u2019embauche durable a \u00e9t\u00e9 fix\u00e9 pour le 1er semestre 2026.<\/p>\n<p>Cette aide est calcul\u00e9e en fonction du nombre d\u2019\u00e9quivalents temps plein (ETP) recrut\u00e9s dans le cadre de l\u2019exp\u00e9rimentation.<\/p>\n<p>Pour le 1er semestre 2026, elle est fix\u00e9e \u00e0 95 % du montant brut horaire du SMIC, appliqu\u00e9 au nombre d\u2019\u00e9quivalents temps plein (ETP) concern\u00e9s.<\/p>\n<p>Pour rappel, l\u2019exp\u00e9rimentation a d\u2019abord \u00e9t\u00e9 mise en place dans 10 territoires, avant d\u2019\u00eatre \u00e9tendue \u00e0 une soixantaine de territoires suppl\u00e9mentaires \u00e0 partir de 2020.<\/p>\n<p>Dans cette logique de g\u00e9n\u00e9ralisation, le dispositif a \u00e9t\u00e9 \u00e0 nouveau \u00e9largi \u00e0 d\u2019autres p\u00e9rim\u00e8tres, notamment \u00e0 Saint-Nazaire (o\u00f9 <a href=\"https:\/\/www.legifrance.gouv.fr\/loda\/id\/LEGISCTA000053466336\" target=\"_blank\" rel=\"noopener\">des codes \u00eelots<\/a> d\u00e9finissent pr\u00e9cis\u00e9ment le champ de l\u2019exp\u00e9rimentation) ainsi qu\u2019\u00e0 la commune de P\u00e9zenas.<\/p>\n<div>Sources :  <\/p>\n<ul>\n<li><a href=\"https:\/\/www.legifrance.gouv.fr\/loda\/id\/JORFTEXT000053464821?init=true&amp;page=1&amp;query=2026-72&amp;searchField=ALL&amp;tab_selection=all\" target=\"_blank\" rel=\"noopener\">D\u00e9cret no 2026-72 du 11 f\u00e9vrier 2026 habilitant de nouveaux territoires pour mener l&rsquo;exp\u00e9rimentation \u00ab territoire z\u00e9ro ch\u00f4meur de longue dur\u00e9e \u00bb<\/a><\/li>\n<li><a href=\"https:\/\/www.legifrance.gouv.fr\/jorf\/article_jo\/JORFARTI000053499034#:~:text=Pour%20le%20premier%20semestre%20de%20l&apos;ann%C3%A9e%202026%2C%20le%20montant,l&apos;exp%C3%A9rimentation%20avant%20le%2030\" target=\"_blank\" rel=\"noopener\">Arr\u00eat\u00e9 du 12 f\u00e9vrier 2026 fixant le montant de la participation de l&rsquo;Etat au financement de la contribution au d\u00e9veloppement de l&#8217;emploi pour le premier semestre de l&rsquo;ann\u00e9e 2026<\/a><\/li>\n<li><a href=\"https:\/\/www.legifrance.gouv.fr\/jorf\/article_jo\/JORFARTI000053509614\" target=\"_blank\" rel=\"noopener\">Loi no 2026-103 du 19 f\u00e9vrier 2026 de finances pour 2026, article 204<\/a><\/li>\n<\/ul>\n<\/div>\n<p><a href=\"https:\/\/www.weblex.fr\/weblex-actualite\/territoires-zero-chomeur-quels-parametres-en-2026\" target=\"_blank\" rel=\"noopener\">Territoires z\u00e9ro ch\u00f4meur : quels param\u00e8tres en 2026 ? <\/a> &#8211; \u00a9 Copyright WebLex<\/p>\n<p><img src=\"https:\/\/www.weblex.fr\/sites\/default\/files\/actualites\/images\/Shutterstock_territoirechomeur.jpg\"><\/p>\n","protected":false},"excerpt":{"rendered":"<p>Apr\u00e8s avoir \u00e9t\u00e9 prolong\u00e9 par la loi de finances pour 2026, l\u2019exp\u00e9rimentation \u00ab Territoire 0 ch\u00f4meur longue dur\u00e9e \u00bb fait peau neuve. Au programme : une nouvelle aide financi\u00e8re fix\u00e9e pour le 1er semestre 2026 et de nouveaux territoires int\u00e9gr\u00e9s \u00e0 l\u2019exp\u00e9rimentation \u2026<\/p>\n","protected":false},"featured_media":117428,"template":"","weblex-importer-activity":[],"weblex-importer-category":[62,65],"weblex-importer-tag":[198],"weblex-importer-keyword":[],"_links":{"self":[{"href":"https:\/\/www.secvergnaud.com\/index.php\/wp-json\/wp\/v2\/weblex-importer-post\/117427"}],"collection":[{"href":"https:\/\/www.secvergnaud.com\/index.php\/wp-json\/wp\/v2\/weblex-importer-post"}],"about":[{"href":"https:\/\/www.secvergnaud.com\/index.php\/wp-json\/wp\/v2\/types\/weblex-importer-post"}],"wp:featuredmedia":[{"embeddable":true,"href":"https:\/\/www.secvergnaud.com\/index.php\/wp-json\/wp\/v2\/media\/117428"}],"wp:attachment":[{"href":"https:\/\/www.secvergnaud.com\/index.php\/wp-json\/wp\/v2\/media?parent=117427"}],"wp:term":[{"taxonomy":"weblex-importer-activity","embeddable":true,"href":"https:\/\/www.secvergnaud.com\/index.php\/wp-json\/wp\/v2\/weblex-importer-activity?post=117427"},{"taxonomy":"weblex-importer-category","embeddable":true,"href":"https:\/\/www.secvergnaud.com\/index.php\/wp-json\/wp\/v2\/weblex-importer-category?post=117427"},{"taxonomy":"weblex-importer-tag","embeddable":true,"href":"https:\/\/www.secvergnaud.com\/index.php\/wp-json\/wp\/v2\/weblex-importer-tag?post=117427"},{"taxonomy":"weblex-importer-keyword","embeddable":true,"href":"https:\/\/www.secvergnaud.com\/index.php\/wp-json\/wp\/v2\/weblex-importer-keyword?post=117427"}],"curies":[{"name":"wp","href":"https:\/\/api.w.org\/{rel}","templated":true}]}}