{"id":115213,"date":"2024-12-05T00:00:00","date_gmt":"2024-12-04T23:00:00","guid":{"rendered":"https:\/\/www.secvergnaud.com\/index.php\/les-infos-du-jour\/vehicule-dentreprise-dashcam-et-surveillance-de-lemployeur\/"},"modified":"2024-12-05T00:00:00","modified_gmt":"2024-12-04T23:00:00","slug":"vehicule-dentreprise-dashcam-et-surveillance-de-lemployeur","status":"publish","type":"weblex-importer-post","link":"https:\/\/www.secvergnaud.com\/index.php\/les-infos-du-jour\/vehicule-dentreprise-dashcam-et-surveillance-de-lemployeur\/","title":{"rendered":"V\u00e9hicule d&#039;entreprise, dashcam&#8230; et surveillance de l&#039;employeur ?"},"content":{"rendered":"<div class=\"question-quizz\">\n<p>L&#8217;employeur d&rsquo;une soci\u00e9t\u00e9 de transport souhaite mettre en place des cam\u00e9ras embarqu\u00e9es<br \/>(\u00ab dashcam \u00bb) dans ses v\u00e9hicules : cam\u00e9ras qui filmeraient donc tous les trajets professionnels des salari\u00e9s afin de les sensibiliser et de limiter le risque de survenance d&rsquo;accidents de la route.<\/p>\n<p>Sauf qu&rsquo;un salari\u00e9 conteste la mise en place de ces cam\u00e9ras, illicite pour lui, parce qu&rsquo;elles filment en permanence : selon lui, la captation d&rsquo;image ne doit \u00eatre possible que lors de p\u00e9riodes sp\u00e9cifiques d&rsquo;\u00e9valuation des chauffeurs.<\/p>\n<p>Ce salari\u00e9 a t-il raison ?<\/p>\n<\/p><\/div>\n<ul class=\"propal-quizz\">\n<li class=\"quizz-a\"><a href=\"#reponse\">Oui<\/a><\/li>\n<li class=\"quizz-b\"><a href=\"#reponse\">Non<\/a><\/li>\n<\/ul>\n<div id=\"rna\" class=\"reponse-non-affichee\"><\/div>\n<div id=\"reponse\" class=\"reponse-quizz-in\">La bonne r\u00e9ponse est&#8230;<br \/>Oui<\/p>\n<p>La formation et la sensibilisation des chauffeurs aux risques routiers peuvent justifier la mise en place de dashcam dans les v\u00e9hicules professionnels, \u00e0 condition que ces cam\u00e9ras ne collectent de donn\u00e9es personnelles que durant les p\u00e9riodes sp\u00e9cifiques d&rsquo;\u00e9valuation des chauffeurs. La surveillance permanente de chauffeurs via ces dispositifs est donc illicite.<\/p>\n<\/div>\n","protected":false},"excerpt":{"rendered":"<p>L&#8217;employeur d&rsquo;une soci\u00e9t\u00e9 de transport souhaite mettre en place des cam\u00e9ras embarqu\u00e9es(\u00ab dashcam \u00bb) dans ses v\u00e9hicules : cam\u00e9ras qui filmeraient donc tous les trajets professionnels des salari\u00e9s afin de les sensibiliser et de limiter le risque de survenance d&rsquo;accidents de la route. Sauf qu&rsquo;un salari\u00e9 conteste la mise en place de ces cam\u00e9ras, illicite [&hellip;]<\/p>\n","protected":false},"featured_media":115214,"template":"","weblex-importer-activity":[503,492,499,506,498,502,496,493,495,497,494,504,500,507,505,501],"weblex-importer-category":[49],"weblex-importer-tag":[285],"weblex-importer-keyword":[],"_links":{"self":[{"href":"https:\/\/www.secvergnaud.com\/index.php\/wp-json\/wp\/v2\/weblex-importer-post\/115213"}],"collection":[{"href":"https:\/\/www.secvergnaud.com\/index.php\/wp-json\/wp\/v2\/weblex-importer-post"}],"about":[{"href":"https:\/\/www.secvergnaud.com\/index.php\/wp-json\/wp\/v2\/types\/weblex-importer-post"}],"wp:featuredmedia":[{"embeddable":true,"href":"https:\/\/www.secvergnaud.com\/index.php\/wp-json\/wp\/v2\/media\/115214"}],"wp:attachment":[{"href":"https:\/\/www.secvergnaud.com\/index.php\/wp-json\/wp\/v2\/media?parent=115213"}],"wp:term":[{"taxonomy":"weblex-importer-activity","embeddable":true,"href":"https:\/\/www.secvergnaud.com\/index.php\/wp-json\/wp\/v2\/weblex-importer-activity?post=115213"},{"taxonomy":"weblex-importer-category","embeddable":true,"href":"https:\/\/www.secvergnaud.com\/index.php\/wp-json\/wp\/v2\/weblex-importer-category?post=115213"},{"taxonomy":"weblex-importer-tag","embeddable":true,"href":"https:\/\/www.secvergnaud.com\/index.php\/wp-json\/wp\/v2\/weblex-importer-tag?post=115213"},{"taxonomy":"weblex-importer-keyword","embeddable":true,"href":"https:\/\/www.secvergnaud.com\/index.php\/wp-json\/wp\/v2\/weblex-importer-keyword?post=115213"}],"curies":[{"name":"wp","href":"https:\/\/api.w.org\/{rel}","templated":true}]}}