{"id":1121,"date":"2022-01-27T05:47:00","date_gmt":"2022-01-27T04:47:00","guid":{"rendered":"https:\/\/www.secvergnaud.com\/index.php\/les-infos-du-jour\/prime-forfaitaire-de-transition-energetique-du-nouveau-au-1er-janvier-2022\/"},"modified":"2022-01-27T05:47:00","modified_gmt":"2022-01-27T04:47:00","slug":"prime-forfaitaire-de-transition-energetique-du-nouveau-au-1er-janvier-2022","status":"publish","type":"weblex-importer-post","link":"https:\/\/www.secvergnaud.com\/index.php\/les-infos-du-jour\/prime-forfaitaire-de-transition-energetique-du-nouveau-au-1er-janvier-2022\/","title":{"rendered":"Prime forfaitaire de transition \u00e9nerg\u00e9tique : du nouveau au 1er janvier 2022"},"content":{"rendered":"<div>\n<h2> Prime forfaitaire de transition \u00e9nerg\u00e9tique : quoi de neuf ?<\/h2>\n<ul>\n<li><strong> Concernant les b\u00e9n\u00e9ficiaires<\/strong><\/li>\n<\/ul>\n<p>Pour les demandes d\u00e9pos\u00e9es depuis le 1er janvier 2022, la prime forfaitaire de transition \u00e9nerg\u00e9tique peut \u00eatre attribu\u00e9e aux propri\u00e9taires pour financer les d\u00e9penses en faveur de la r\u00e9novation \u00e9nerg\u00e9tique du logement qu\u2019ils occupent eux-m\u00eames, d\u00e8s lors que :<\/p>\n<ul>\n<li>le logement est occup\u00e9 \u00e0 titre de r\u00e9sidence principale par le ou les propri\u00e9taires dans un d\u00e9lai maximum d\u2019un an suivant la date de demande du solde de la prime ;<\/li>\n<li>le logement ou l&rsquo;immeuble concern\u00e9 est achev\u00e9 depuis au moins 15 ans \u00e0 la date de la d\u00e9cision d\u2019octroi de la prime, \u00e0 l\u2019exception des demandes de prime r\u00e9alis\u00e9es dans le cadre d\u2019un changement de chaudi\u00e8re fonctionnant au fioul, qui peuvent concerner les logements achev\u00e9s depuis plus de 2 ans \u00e0 la date de notification de la d\u00e9cision d\u2019octroi de la prime, sous condition.<\/li>\n<\/ul>\n<p>Dans le cadre de cette prime, une \u00ab r\u00e9sidence principale \u00bb est un logement effectivement occup\u00e9 au moins 8 mois par an, sauf cas de force majeure, obligation professionnelle, ou raison de sant\u00e9 affectant le b\u00e9n\u00e9ficiaire.<\/p>\n<p>De m\u00eame, les propri\u00e9taires bailleurs peuvent aussi b\u00e9n\u00e9ficier de cette prime, sous r\u00e9serve, notamment :<\/p>\n<ul>\n<li>que le logement soit lou\u00e9 \u00e0 titre de r\u00e9sidence principale dans un d\u00e9lai d\u2019un an suivant la date de demande du solde de la prime ;<\/li>\n<li>que le logement ou l&rsquo;immeuble concern\u00e9 soit achev\u00e9 depuis au moins 15 ans \u00e0 la date de la d\u00e9cision d\u2019octroi de la prime, \u00e0 l\u2019exception, l\u00e0 encore, des demandes de prime r\u00e9alis\u00e9es dans le cadre d\u2019un changement de chaudi\u00e8re fonctionnant au fioul.<\/li>\n<\/ul>\n<ul>\n<li><strong> Concernant la demande de prime<\/strong><\/li>\n<\/ul>\n<p>En principe, la demande de prime doit \u00eatre d\u00e9pos\u00e9e avant m\u00eame le d\u00e9but des travaux. Sauf cas particuliers, seuls les travaux commenc\u00e9s apr\u00e8s l\u2019accus\u00e9 de r\u00e9ception de la demande de prime par l\u2019Anah (Agence nationale de l\u2019habitat) permettent de b\u00e9n\u00e9ficier de cet avantage financier.<\/p>\n<p>Toutefois, entre le 1er septembre 2022 et le 31 d\u00e9cembre 2022, le b\u00e9n\u00e9ficiaire de la prime pourra d\u00e9poser une demande apr\u00e8s avoir r\u00e9alis\u00e9 la pose d\u2019un \u00e9quipement de chauffage ou de fourniture d\u2019eau chaude sanitaire et les travaux de d\u00e9pose d\u2019une cuve \u00e0 fioul, entre le 1er janvier 2022 et le 31 ao\u00fbt 2022, sous r\u00e9serve de la production d\u2019un devis sign\u00e9 entre ces m\u00eames dates.<\/p>\n<ul>\n<li><strong> Concernant l\u2019ach\u00e8vement des travaux<\/strong><\/li>\n<\/ul>\n<p>Le b\u00e9n\u00e9fice de la prime forfaitaire de transition \u00e9nerg\u00e9tique suppose de justifier de l\u2019ach\u00e8vement des travaux :<\/p>\n<ul>\n<li>dans un d\u00e9lai de 2 ans \u00e0 compter de la d\u00e9cision d\u2019attribution de la prime ;<\/li>\n<li>ou, dans l\u2019hypoth\u00e8se o\u00f9 une avance sur le montant total de cette prime a \u00e9t\u00e9 vers\u00e9e, dans un d\u00e9lai d\u20191 an \u00e0 compter du versement de cette avance.<\/li>\n<\/ul>\n<p><span style=\"text-decoration: underline\">Source<\/span> :<\/p>\n<ul>\n<li>D\u00e9cret n\u00b0 2021-1938 du 30 d\u00e9cembre 2021 modifiant le d\u00e9cret n\u00b0 2020-26 du 14 janvier 2020 modifi\u00e9 relatif \u00e0 la prime de transition \u00e9nerg\u00e9tique<\/li>\n<li>Arr\u00eat\u00e9 du 30 d\u00e9cembre 2021 modifiant l&rsquo;arr\u00eat\u00e9 du 14 janvier 2020 modifi\u00e9 relatif \u00e0 la prime de transition \u00e9nerg\u00e9tique et l&rsquo;arr\u00eat\u00e9 du 17 novembre 2020 modifi\u00e9 relatif aux caract\u00e9ristiques techniques et modalit\u00e9s de r\u00e9alisation des travaux et prestations dont les d\u00e9penses sont \u00e9ligibles \u00e0 la prime de transition \u00e9nerg\u00e9tique<\/li>\n<\/ul>\n<p><a title=\"Prime forfaitaire de transition \u00e9nerg\u00e9tique : du nouveau au 1er janvier 2022\" href=\"https:\/\/www.weblex.fr\/weblex-actualite\/prime-forfaitaire-de-transition-energetique-du-nouveau-au-1er-janvier-2022\" rel=\"nofollow noopener\" target=\"_blank\">Prime forfaitaire de transition \u00e9nerg\u00e9tique : du nouveau au 1er janvier 2022<\/a> \u00a9 Copyright WebLex &#8211; 2022<\/p>\n<\/div>\n","protected":false},"excerpt":{"rendered":"<p>La prime forfaitaire de transition \u00e9nerg\u00e9tique qui permet aux personnes qui font r\u00e9aliser certains travaux destin\u00e9s \u00e0 am\u00e9liorer la performance \u00e9nerg\u00e9tique de leur logement de b\u00e9n\u00e9ficier, sous conditions, d\u2019une aide financi\u00e8re, vient, une nouvelle fois, d\u2019\u00eatre am\u00e9nag\u00e9e. Tour d\u2019horizon des principales nouveaut\u00e9s au 1er janvier 2022.<\/p>\n","protected":false},"featured_media":1122,"template":"","weblex-importer-activity":[],"weblex-importer-category":[62,64],"weblex-importer-tag":[61],"weblex-importer-keyword":[],"_links":{"self":[{"href":"https:\/\/www.secvergnaud.com\/index.php\/wp-json\/wp\/v2\/weblex-importer-post\/1121"}],"collection":[{"href":"https:\/\/www.secvergnaud.com\/index.php\/wp-json\/wp\/v2\/weblex-importer-post"}],"about":[{"href":"https:\/\/www.secvergnaud.com\/index.php\/wp-json\/wp\/v2\/types\/weblex-importer-post"}],"wp:featuredmedia":[{"embeddable":true,"href":"https:\/\/www.secvergnaud.com\/index.php\/wp-json\/wp\/v2\/media\/1122"}],"wp:attachment":[{"href":"https:\/\/www.secvergnaud.com\/index.php\/wp-json\/wp\/v2\/media?parent=1121"}],"wp:term":[{"taxonomy":"weblex-importer-activity","embeddable":true,"href":"https:\/\/www.secvergnaud.com\/index.php\/wp-json\/wp\/v2\/weblex-importer-activity?post=1121"},{"taxonomy":"weblex-importer-category","embeddable":true,"href":"https:\/\/www.secvergnaud.com\/index.php\/wp-json\/wp\/v2\/weblex-importer-category?post=1121"},{"taxonomy":"weblex-importer-tag","embeddable":true,"href":"https:\/\/www.secvergnaud.com\/index.php\/wp-json\/wp\/v2\/weblex-importer-tag?post=1121"},{"taxonomy":"weblex-importer-keyword","embeddable":true,"href":"https:\/\/www.secvergnaud.com\/index.php\/wp-json\/wp\/v2\/weblex-importer-keyword?post=1121"}],"curies":[{"name":"wp","href":"https:\/\/api.w.org\/{rel}","templated":true}]}}