{"id":107700,"date":"2025-03-13T00:00:00","date_gmt":"2025-03-12T23:00:00","guid":{"rendered":"https:\/\/www.secvergnaud.com\/index.php\/les-infos-du-jour\/taxes-sur-les-vehicules-de-tourisme-une-tolerance-pour-les-petites-entreprises\/"},"modified":"2025-03-13T00:00:00","modified_gmt":"2025-03-12T23:00:00","slug":"taxes-sur-les-vehicules-de-tourisme-une-tolerance-pour-les-petites-entreprises","status":"publish","type":"weblex-importer-post","link":"https:\/\/www.secvergnaud.com\/index.php\/les-infos-du-jour\/taxes-sur-les-vehicules-de-tourisme-une-tolerance-pour-les-petites-entreprises\/","title":{"rendered":"Taxes sur les v\u00e9hicules de tourisme\u202f: une tol\u00e9rance pour les petites entreprises\u202f?"},"content":{"rendered":"<p>Les taxes sur les v\u00e9hicules de tourisme affect\u00e9s \u00e0 une activit\u00e9 \u00e9conomique repr\u00e9sentent une lourde charge suppl\u00e9mentaire pour les petites entreprises. Le Gouvernement envisage-t-il de mettre en place des solutions en leur faveur pour favoriser leur stabilit\u00e9 \u00e9conomique\u202f? R\u00e9ponse\u2026<\/p>\n<h2>Taxe sur les v\u00e9hicules de tourisme affect\u00e9s \u00e0 une activit\u00e9 \u00e9conomique\u202f: pas d\u2019exclus\u202f!<\/h2>\n<p>Pour rappel, la taxe sur les v\u00e9hicules de soci\u00e9t\u00e9 a \u00e9t\u00e9 remplac\u00e9e par 2 taxes\u202f:<\/p>\n<ul>\n<li>la taxe annuelle sur les \u00e9missions de CO2\u202f;<\/li>\n<li>et la\u202ftaxe annuelle sur les \u00e9missions de polluants atmosph\u00e9riques.<\/li>\n<\/ul>\n<p>Actuellement, le paiement de ces taxes vise, sans distinction, toutes les entreprises et soci\u00e9t\u00e9s qui utilisent ou poss\u00e8dent des v\u00e9hicules de tourisme dans le cadre de leur activit\u00e9 \u00e9conomique.<\/p>\n<p>Craignant que cette charge d\u2019imp\u00f4t suppl\u00e9mentaire menace la stabilit\u00e9 \u00e9conomique des petites structures telles que les micro-entreprises, il a \u00e9t\u00e9 demand\u00e9 au Gouvernement s\u2019il envisageait de mettre en place des m\u00e9canismes permettant une plus grande justice fiscale vis-\u00e0-vis des petites entreprises, notamment concernant les taxes sur l&rsquo;affectation des v\u00e9hicules \u00e0 des fins \u00e9conomiques.<\/p>\n<p>La r\u00e9ponse est n\u00e9gative, un dispositif permettant de r\u00e9duire le co\u00fbt de ces taxes existant d\u00e9j\u00e0, estime le Gouvernement.<\/p>\n<p>Il rappelle que le montant cumul\u00e9 des taxes pour l&rsquo;ensemble des v\u00e9hicules de tourisme affect\u00e9s \u00e0 des fins \u00e9conomiques par une m\u00eame entreprise fait l&rsquo;objet d&rsquo;une minoration de 15 000 \u20ac, toutes conditions \u00e9tant bien entendu remplies. Une minoration qui r\u00e9pond pr\u00e9cis\u00e9ment \u00e0 la probl\u00e9matique soulev\u00e9e pour les petites entreprises.<\/p>\n<div>Sources :  <\/p>\n<ul>\n<li><a href=\"https:\/\/questions.assemblee-nationale.fr\/q17\/17-2946QE.htm\" rel=\"noopener\" target=\"_blank\">R\u00e9ponse minist\u00e9rielle Besse, Assembl\u00e9e Nationale, du 11 f\u00e9vrier 2025, no 2946<\/a><\/li>\n<\/ul>\n<\/div>\n<p><a href=\"https:\/\/www.weblex.fr\/weblex-actualite\/taxes-sur-les-vehicules-de-tourisme-une-tolerance-pour-les-petites-entreprises\" target=\"_blank\" rel=\"noopener\">Taxes sur les v\u00e9hicules de tourisme\u202f: une tol\u00e9rance pour les petites entreprises\u202f? <\/a> &#8211; \u00a9 Copyright WebLex<\/p>\n<p><img src=\"https:\/\/www.weblex.fr\/sites\/default\/files\/actualites\/images\/Shutterstock_taxevehiculedetourisme.jpg\"><\/p>\n","protected":false},"excerpt":{"rendered":"<p>Les taxes sur les v\u00e9hicules de tourisme affect\u00e9s \u00e0 une activit\u00e9 \u00e9conomique repr\u00e9sentent une lourde charge suppl\u00e9mentaire pour les petites entreprises. Le Gouvernement envisage-t-il de mettre en place des solutions en leur faveur pour favoriser leur stabilit\u00e9 \u00e9conomique\u202f? R\u00e9ponse\u2026<\/p>\n","protected":false},"featured_media":107701,"template":"","weblex-importer-activity":[],"weblex-importer-category":[62,66],"weblex-importer-tag":[198],"weblex-importer-keyword":[],"_links":{"self":[{"href":"https:\/\/www.secvergnaud.com\/index.php\/wp-json\/wp\/v2\/weblex-importer-post\/107700"}],"collection":[{"href":"https:\/\/www.secvergnaud.com\/index.php\/wp-json\/wp\/v2\/weblex-importer-post"}],"about":[{"href":"https:\/\/www.secvergnaud.com\/index.php\/wp-json\/wp\/v2\/types\/weblex-importer-post"}],"wp:featuredmedia":[{"embeddable":true,"href":"https:\/\/www.secvergnaud.com\/index.php\/wp-json\/wp\/v2\/media\/107701"}],"wp:attachment":[{"href":"https:\/\/www.secvergnaud.com\/index.php\/wp-json\/wp\/v2\/media?parent=107700"}],"wp:term":[{"taxonomy":"weblex-importer-activity","embeddable":true,"href":"https:\/\/www.secvergnaud.com\/index.php\/wp-json\/wp\/v2\/weblex-importer-activity?post=107700"},{"taxonomy":"weblex-importer-category","embeddable":true,"href":"https:\/\/www.secvergnaud.com\/index.php\/wp-json\/wp\/v2\/weblex-importer-category?post=107700"},{"taxonomy":"weblex-importer-tag","embeddable":true,"href":"https:\/\/www.secvergnaud.com\/index.php\/wp-json\/wp\/v2\/weblex-importer-tag?post=107700"},{"taxonomy":"weblex-importer-keyword","embeddable":true,"href":"https:\/\/www.secvergnaud.com\/index.php\/wp-json\/wp\/v2\/weblex-importer-keyword?post=107700"}],"curies":[{"name":"wp","href":"https:\/\/api.w.org\/{rel}","templated":true}]}}