{"id":103880,"date":"2025-02-05T00:00:00","date_gmt":"2025-02-04T23:00:00","guid":{"rendered":"https:\/\/www.secvergnaud.com\/index.php\/les-infos-du-jour\/prime-dobjectif-larret-maladie-empeche-t-il-son-versement\/"},"modified":"2025-02-05T00:00:00","modified_gmt":"2025-02-04T23:00:00","slug":"prime-dobjectif-larret-maladie-empeche-t-il-son-versement","status":"publish","type":"weblex-importer-post","link":"https:\/\/www.secvergnaud.com\/index.php\/les-infos-du-jour\/prime-dobjectif-larret-maladie-empeche-t-il-son-versement\/","title":{"rendered":"Prime d\u2019objectif\u202f: l\u2019arr\u00eat maladie emp\u00eache-t-il son versement\u202f?"},"content":{"rendered":"<p>Lorsqu\u2019un salari\u00e9 est absent en raison d\u2019un arr\u00eat maladie, son contrat de travail est suspendu. Mais, cette suspension emp\u00eache-t-elle le versement d\u2019une prime d\u2019objectifs vers\u00e9e aux autres salari\u00e9s pendant la dur\u00e9e de son absence\u202f? R\u00e9ponse du juge\u2026<\/p>\n<h2>Prime d\u2019objectif et arr\u00eat maladie\u202f: due ou pas due\u202f?<\/h2>\n<p>Pour rappel, l\u2019employeur qui fait d\u00e9pendre le versement d\u2019une prime de la r\u00e9alisation d\u2019objectifs doit obligatoirement communiquer de fa\u00e7on transparente et claire sur les objectifs \u00e0 atteindre.<\/p>\n<p>\u00c0 d\u00e9faut, le salari\u00e9 peut pr\u00e9tendre au versement de l\u2019int\u00e9gralit\u00e9 de la prime, comme si le salari\u00e9 avait r\u00e9alis\u00e9 tous les objectifs.<\/p>\n<p>Dans une r\u00e9cente affaire, \u00e0 la suite d\u2019un accident du travail, une salari\u00e9e est plac\u00e9e en arr\u00eat maladie entre 2017 et 2019 avant d\u2019\u00eatre finalement licenci\u00e9e pour inaptitude.<\/p>\n<p>Sauf que cette salari\u00e9e demande le b\u00e9n\u00e9fice d\u2019une prime d\u2019objectifs, vers\u00e9e tous les 6 mois en fonction d\u2019objectifs communiqu\u00e9s par l\u2019entreprise\u202f: pour elle, cette prime lui est due, car rien n\u2019\u00e9tait pr\u00e9vu pour les salari\u00e9s dont les contrats \u00e9taient suspendus.<\/p>\n<p>Et, parce qu\u2019aucun objectif ne lui a \u00e9t\u00e9 fix\u00e9 ou communiqu\u00e9 durant la dur\u00e9e de cet arr\u00eat maladie, l\u2019employeur doit lui verser le montant maximum de cette prime.<\/p>\n<p>Ce que conteste l\u2019employeur qui refuse de verser la prime\u202f! Il rappelle que la salari\u00e9e \u00e9tait en arr\u00eat maladie\u202f: son contrat de travail \u00e9tait donc suspendu.<\/p>\n<p>En l\u2019absence de clause pr\u00e9voyant le contraire, la prime d\u2019objectifs vers\u00e9e en contrepartie de l\u2019activit\u00e9 professionnelle ne peut pas \u00eatre vers\u00e9e \u00e0 la salari\u00e9e dont le contrat est suspendu.<\/p>\n<p>Ce que confirme le juge, qui donne raison \u00e0 l\u2019employeur\u202f: parce qu\u2019aucune clause conventionnelle ne pr\u00e9voit le contraire, l\u2019employeur n\u2019a pas \u00e0 verser \u00e0 la salari\u00e9e absente depuis 3 ans une prime d\u2019objectifs, dans la mesure o\u00f9 son contrat est suspendu.<\/p>\n<div>Sources :  <\/p>\n<ul>\n<li><a href=\"https:\/\/www.legifrance.gouv.fr\/juri\/id\/JURITEXT000050761547?init=true&amp;page=1&amp;query=23-19352&amp;searchField=ALL&amp;tab_selection=all\" rel=\"noopener\" target=\"_blank\">Arr\u00eat de la Cour de cassation, chambre sociale, du 20 novembre 2024, no 23-19352<\/a><\/li>\n<\/ul>\n<\/div>\n<p><a href=\"https:\/\/www.weblex.fr\/weblex-actualite\/prime-d-objectif-l-arret-maladie-empeche-t-il-son-versement\" target=\"_blank\" rel=\"noopener\">Prime d\u2019objectif : l\u2019arr\u00eat maladie emp\u00eache-t-il son versement\u202f?  <\/a> &#8211; \u00a9 Copyright WebLex<\/p>\n<p><img src=\"https:\/\/www.weblex.fr\/sites\/default\/files\/actualites\/images\/Shutterstock_primeobjectifarretmaladie.jpg\"><\/p>\n","protected":false},"excerpt":{"rendered":"<p>Lorsqu\u2019un salari\u00e9 est absent en raison d\u2019un arr\u00eat maladie, son contrat de travail est suspendu. Mais, cette suspension emp\u00eache-t-elle le versement d\u2019une prime d\u2019objectifs vers\u00e9e aux autres salari\u00e9s pendant la dur\u00e9e de son absence\u202f? R\u00e9ponse du juge\u2026<\/p>\n","protected":false},"featured_media":103881,"template":"","weblex-importer-activity":[],"weblex-importer-category":[62,65],"weblex-importer-tag":[198],"weblex-importer-keyword":[],"_links":{"self":[{"href":"https:\/\/www.secvergnaud.com\/index.php\/wp-json\/wp\/v2\/weblex-importer-post\/103880"}],"collection":[{"href":"https:\/\/www.secvergnaud.com\/index.php\/wp-json\/wp\/v2\/weblex-importer-post"}],"about":[{"href":"https:\/\/www.secvergnaud.com\/index.php\/wp-json\/wp\/v2\/types\/weblex-importer-post"}],"wp:featuredmedia":[{"embeddable":true,"href":"https:\/\/www.secvergnaud.com\/index.php\/wp-json\/wp\/v2\/media\/103881"}],"wp:attachment":[{"href":"https:\/\/www.secvergnaud.com\/index.php\/wp-json\/wp\/v2\/media?parent=103880"}],"wp:term":[{"taxonomy":"weblex-importer-activity","embeddable":true,"href":"https:\/\/www.secvergnaud.com\/index.php\/wp-json\/wp\/v2\/weblex-importer-activity?post=103880"},{"taxonomy":"weblex-importer-category","embeddable":true,"href":"https:\/\/www.secvergnaud.com\/index.php\/wp-json\/wp\/v2\/weblex-importer-category?post=103880"},{"taxonomy":"weblex-importer-tag","embeddable":true,"href":"https:\/\/www.secvergnaud.com\/index.php\/wp-json\/wp\/v2\/weblex-importer-tag?post=103880"},{"taxonomy":"weblex-importer-keyword","embeddable":true,"href":"https:\/\/www.secvergnaud.com\/index.php\/wp-json\/wp\/v2\/weblex-importer-keyword?post=103880"}],"curies":[{"name":"wp","href":"https:\/\/api.w.org\/{rel}","templated":true}]}}