{"id":1030,"date":"2022-02-08T05:45:00","date_gmt":"2022-02-08T04:45:00","guid":{"rendered":"https:\/\/www.secvergnaud.com\/index.php\/les-infos-du-jour\/automobile-de-la-publicite-pour-les-autres-modes-de-deplacement\/"},"modified":"2022-02-08T05:45:00","modified_gmt":"2022-02-08T04:45:00","slug":"automobile-de-la-publicite-pour-les-autres-modes-de-deplacement","status":"publish","type":"weblex-importer-post","link":"https:\/\/www.secvergnaud.com\/index.php\/les-infos-du-jour\/automobile-de-la-publicite-pour-les-autres-modes-de-deplacement\/","title":{"rendered":"Automobile : de la publicit\u00e9\u2026 pour les autres modes de d\u00e9placement ?"},"content":{"rendered":"<div>\n<h2>Automobile : faire de la publicit\u00e9 pour les d\u00e9placements \u00ab verts \u00bb<\/h2>\n<p>A compter du 1er mars 2022, les publicit\u00e9s pour les v\u00e9hicules \u00e0 moteur devront \u00eatre obligatoirement accompagn\u00e9es par un <a href=\"https:\/\/www.legifrance.gouv.fr\/jorf\/id\/JORFTEXT000044590170\" target=\"_blank\" rel=\"noopener\">message<\/a> faisant la promotion :<\/p>\n<ul>\n<li>des mobilit\u00e9s actives (c&rsquo;est-\u00e0-dire les mobilit\u00e9s pour lesquelles la force motrice humaine est n\u00e9cessaire) ;<\/li>\n<li>des mobilit\u00e9s partag\u00e9es (telles que le covoiturage ou l&rsquo;auto-partage) ;<\/li>\n<li>des transports en commun.<\/li>\n<\/ul>\n<p>Toujours \u00e0 compter du 1er mars 2022, les publicit\u00e9s pour les voitures d\u00e9j\u00e0 soumises \u00e0 l&rsquo;\u00e9tiquetage de leurs \u00e9missions de CO2\u00a0devront afficher la <a href=\"https:\/\/www.legifrance.gouv.fr\/jorf\/id\/JORFTEXT000044590181\" target=\"_blank\" rel=\"noopener\">classe d\u2019\u00e9missions<\/a> de CO2\u00a0de ces v\u00e9hicules.<\/p>\n<p>Ces publicit\u00e9s devront aussi comporter un message faisant la promotion des modes de circulation pr\u00e9cit\u00e9s.<\/p>\n<p>Les <a href=\"https:\/\/www.legifrance.gouv.fr\/jorf\/id\/JORFTEXT000044590022\" target=\"_blank\" rel=\"noopener\">sanctions<\/a> encourues en cas de non-respect de cette nouvelle obligation s\u2019appliqueront \u00e0 partir du 1er juin 2022.<\/p>\n<p>Sources :<\/p>\n<ul>\n<li>D\u00e9cret n\u00b0 2021-1841 du 28 d\u00e9cembre 2021 relatif \u00e0 la promotion des mobilit\u00e9s actives, ou partag\u00e9es, ou des transports en commun dans les messages publicitaires en faveur de v\u00e9hicules terrestres \u00e0 moteur<\/li>\n<li>Arr\u00eat\u00e9 du 28 d\u00e9cembre 2021 pris pour l&rsquo;application de l&rsquo;article D. 328-3 du code de la route<\/li>\n<li>D\u00e9cret n\u00b0 2021-1840 du 28 d\u00e9cembre 2021 relatif aux publicit\u00e9s en faveur des v\u00e9hicules \u00e0 moteur<\/li>\n<li>Arr\u00eat\u00e9 du 28 d\u00e9cembre 2021 pris pour l&rsquo;application de l&rsquo;article R. 229-105 du code de l&rsquo;environnement<\/li>\n<\/ul>\n<p><a href=\"https:\/\/www.weblex.fr\/weblex-actualite\/automobile-de-la-publicite-pour-les-autres-modes-de-deplacement\" target=\"_blank\" rel=\"noopener\">Automobile : de la publicit\u00e9\u2026 pour les autres modes de d\u00e9placement ?<\/a> \u00a9 Copyright WebLex &#8211; 2022<\/p>\n<\/div>\n","protected":false},"excerpt":{"rendered":"<p>Les acteurs du secteur automobile font r\u00e9guli\u00e8rement de la publicit\u00e9 pour vendre leurs voitures. Doivent-ils \u00e9galement en faire pour les autres modes de d\u00e9placement ? R\u00e9ponse\u2026<\/p>\n","protected":false},"featured_media":1031,"template":"","weblex-importer-activity":[],"weblex-importer-category":[62,63],"weblex-importer-tag":[61],"weblex-importer-keyword":[],"_links":{"self":[{"href":"https:\/\/www.secvergnaud.com\/index.php\/wp-json\/wp\/v2\/weblex-importer-post\/1030"}],"collection":[{"href":"https:\/\/www.secvergnaud.com\/index.php\/wp-json\/wp\/v2\/weblex-importer-post"}],"about":[{"href":"https:\/\/www.secvergnaud.com\/index.php\/wp-json\/wp\/v2\/types\/weblex-importer-post"}],"wp:featuredmedia":[{"embeddable":true,"href":"https:\/\/www.secvergnaud.com\/index.php\/wp-json\/wp\/v2\/media\/1031"}],"wp:attachment":[{"href":"https:\/\/www.secvergnaud.com\/index.php\/wp-json\/wp\/v2\/media?parent=1030"}],"wp:term":[{"taxonomy":"weblex-importer-activity","embeddable":true,"href":"https:\/\/www.secvergnaud.com\/index.php\/wp-json\/wp\/v2\/weblex-importer-activity?post=1030"},{"taxonomy":"weblex-importer-category","embeddable":true,"href":"https:\/\/www.secvergnaud.com\/index.php\/wp-json\/wp\/v2\/weblex-importer-category?post=1030"},{"taxonomy":"weblex-importer-tag","embeddable":true,"href":"https:\/\/www.secvergnaud.com\/index.php\/wp-json\/wp\/v2\/weblex-importer-tag?post=1030"},{"taxonomy":"weblex-importer-keyword","embeddable":true,"href":"https:\/\/www.secvergnaud.com\/index.php\/wp-json\/wp\/v2\/weblex-importer-keyword?post=1030"}],"curies":[{"name":"wp","href":"https:\/\/api.w.org\/{rel}","templated":true}]}}