{"id":100823,"date":"2025-01-10T00:00:00","date_gmt":"2025-01-09T23:00:00","guid":{"rendered":"https:\/\/www.secvergnaud.com\/index.php\/les-infos-du-jour\/electricite-les-prix-vont-augmenter-en-ce-debut-2025\/"},"modified":"2025-01-10T00:00:00","modified_gmt":"2025-01-09T23:00:00","slug":"electricite-les-prix-vont-augmenter-en-ce-debut-2025","status":"publish","type":"weblex-importer-post","link":"https:\/\/www.secvergnaud.com\/index.php\/les-infos-du-jour\/electricite-les-prix-vont-augmenter-en-ce-debut-2025\/","title":{"rendered":"\u00c9lectricit\u00e9\u202f: les prix vont augmenter en ce d\u00e9but 2025\u202f!"},"content":{"rendered":"<p>La crise de l\u2019\u00e9nergie \u00e9tant derri\u00e8re les consommateurs, le Gouvernement a act\u00e9 la fin du bouclier tarifaire sur l\u2019\u00e9lectricit\u00e9 et la revalorisation du tarif d&rsquo;utilisation des r\u00e9seaux \u00e9lectriques publics d&rsquo;\u00e9lectricit\u00e9 au 1er f\u00e9vrier 2025. Pour quelle cons\u00e9quence\u202f?<\/p>\n<h2>Fin du bouclier tarifaire sur l\u2019\u00e9lectricit\u00e9 et revalorisation des taxes<\/h2>\n<p>Pour rappel, le bouclier tarifaire est un dispositif d\u2019aide financi\u00e8re mis en place fin 2021 par l\u2019\u00c9tat afin de soutenir les m\u00e9nages et les entrepreneurs durant la crise de l\u2019\u00e9nergie.<\/p>\n<p>Le bouclier tarifaire sur l\u2019\u00e9lectricit\u00e9 a \u00e9t\u00e9 renouvel\u00e9 plusieurs fois, puis diminu\u00e9 en r\u00e9tablissant progressivement les taxes qui avaient \u00e9t\u00e9 r\u00e9duites au minimum.<\/p>\n<p>Finalement, ce dispositif prendra fin d\u00e9finitivement le 1er f\u00e9vrier 2025.<\/p>\n<p>\u00c0 partir de cette date, l\u2019accise sur l\u2019\u00e9lectricit\u00e9 (c\u2019est-\u00e0-dire l\u2019ancienne taxe int\u00e9rieure sur la consommation finale d\u2019\u00e9lectricit\u00e9 ou TICFE) sera r\u00e9tablie \u00e0 son niveau ant\u00e9rieur \u00e0 la crise \u00e9nerg\u00e9tique, actualis\u00e9e par le taux d\u2019inflation 2025.<\/p>\n<p>Concr\u00e8tement, les consommateurs s\u2019acquitteront d\u2019une taxe de\u202f:<\/p>\n<ul>\n<li>33,70 \u20ac\/MWh pour les particuliers, contre 21 \u20ac\/MWh aujourd\u2019hui ;<\/li>\n<li>26,23 \u20ac\/MWh pour les PME qui \u00e9taient \u00e9ligibles au bouclier tarifaire, contre 20,5 \u20ac\/MWh actuellement.<\/li>\n<\/ul>\n<p>En parall\u00e8le, le tarif d&rsquo;utilisation des r\u00e9seaux \u00e9lectriques publics d&rsquo;\u00e9lectricit\u00e9 (Turpe), qui finance l\u2019acheminement et la distribution de l\u2019\u00e9lectricit\u00e9, augmentera \u00e9galement le 1er f\u00e9vrier 2025, et non le 1er ao\u00fbt comme c\u2019est habituellement le cas.<\/p>\n<p>En principe, cette taxe est r\u00e9vis\u00e9e tous les 4 ans avec des ajustements annuels, effectu\u00e9s le 1er ao\u00fbt de l\u2019ann\u00e9e, pour prendre en compte l\u2019inflation et les co\u00fbts des gestionnaires de r\u00e9seaux.<\/p>\n<p>Cependant, en ao\u00fbt 2024, seuls les consommateurs b\u00e9n\u00e9ficiant d&rsquo;une offre de march\u00e9 ont vu leur Turpe augment\u00e9.<\/p>\n<p>Au 1er f\u00e9vrier 2025, ce sont les consommateurs soumis aux tarifs r\u00e9glement\u00e9s de vente d&rsquo;\u00e9lectricit\u00e9 (TRVE) qui verront leur Turpe corrig\u00e9 \u00e0 la hausse, soit 22 millions de m\u00e9nages et de TPE.<\/p>\n<div>Sources :  <\/p>\n<ul>\n<li><a href=\"https:\/\/www.vie-publique.fr\/en-bref\/295399-prix-de-lelectricite-quelle-evolution-tarifaire-en-fevrier-2025\" rel=\"noopener\" target=\"_blank\">Actualit\u00e9 Vie publique du 3 janvier 2025\u202f: \u00ab\u202fPrix de l&rsquo;\u00e9lectricit\u00e9 : quelle \u00e9volution des tarifs r\u00e9glement\u00e9s en f\u00e9vrier 2025 ?\u202f\u00bb<\/a><\/li>\n<li><a href=\"https:\/\/www.cre.fr\/actualites\/toute-lactualite\/la-cre-annonce-que-le-mouvement-du-tarif-dutilisation-des-reseaux-publics-delectricite-transport-et-distribution-pour-lannee-2025-aura-lieu-exceptionnellement-au-1er-fevrier.html\" rel=\"noopener\" target=\"_blank\">Communiqu\u00e9 de presse de la Commission de r\u00e9gulation de l\u2019\u00e9nergie (CRE) du 12 d\u00e9cembre 2024\u202f: \u00ab\u202fLa CRE annonce que le mouvement du tarif d\u2019utilisation des r\u00e9seaux publics d\u2019\u00e9lectricit\u00e9 \u2013 transport et distribution \u2013 pour l\u2019ann\u00e9e 2025 aura lieu exceptionnellement au 1er f\u00e9vrier\u202f\u00bb<\/a><\/li>\n<\/ul>\n<\/div>\n<p><a href=\"https:\/\/www.weblex.fr\/weblex-actualite\/electricite-les-prix-vont-augmenter-en-ce-debut-2025\" target=\"_blank\" rel=\"noopener\">\u00c9lectricit\u00e9 : les prix vont augmenter en ce d\u00e9but 2025\u202f!<\/a> &#8211; \u00a9 Copyright WebLex<\/p>\n<p><img src=\"https:\/\/www.weblex.fr\/sites\/default\/files\/actualites\/images\/Shutterstock_electreciteprixaugmentation.jpg\"><\/p>\n","protected":false},"excerpt":{"rendered":"<p>La crise de l\u2019\u00e9nergie \u00e9tant derri\u00e8re les consommateurs, le Gouvernement a act\u00e9 la fin du bouclier tarifaire sur l\u2019\u00e9lectricit\u00e9 et la revalorisation du tarif d&rsquo;utilisation des r\u00e9seaux \u00e9lectriques publics d&rsquo;\u00e9lectricit\u00e9 au 1er f\u00e9vrier 2025. Pour quelle cons\u00e9quence\u202f?<\/p>\n","protected":false},"featured_media":100824,"template":"","weblex-importer-activity":[],"weblex-importer-category":[62,64],"weblex-importer-tag":[198],"weblex-importer-keyword":[],"_links":{"self":[{"href":"https:\/\/www.secvergnaud.com\/index.php\/wp-json\/wp\/v2\/weblex-importer-post\/100823"}],"collection":[{"href":"https:\/\/www.secvergnaud.com\/index.php\/wp-json\/wp\/v2\/weblex-importer-post"}],"about":[{"href":"https:\/\/www.secvergnaud.com\/index.php\/wp-json\/wp\/v2\/types\/weblex-importer-post"}],"wp:featuredmedia":[{"embeddable":true,"href":"https:\/\/www.secvergnaud.com\/index.php\/wp-json\/wp\/v2\/media\/100824"}],"wp:attachment":[{"href":"https:\/\/www.secvergnaud.com\/index.php\/wp-json\/wp\/v2\/media?parent=100823"}],"wp:term":[{"taxonomy":"weblex-importer-activity","embeddable":true,"href":"https:\/\/www.secvergnaud.com\/index.php\/wp-json\/wp\/v2\/weblex-importer-activity?post=100823"},{"taxonomy":"weblex-importer-category","embeddable":true,"href":"https:\/\/www.secvergnaud.com\/index.php\/wp-json\/wp\/v2\/weblex-importer-category?post=100823"},{"taxonomy":"weblex-importer-tag","embeddable":true,"href":"https:\/\/www.secvergnaud.com\/index.php\/wp-json\/wp\/v2\/weblex-importer-tag?post=100823"},{"taxonomy":"weblex-importer-keyword","embeddable":true,"href":"https:\/\/www.secvergnaud.com\/index.php\/wp-json\/wp\/v2\/weblex-importer-keyword?post=100823"}],"curies":[{"name":"wp","href":"https:\/\/api.w.org\/{rel}","templated":true}]}}