{"id":100295,"date":"2025-01-06T00:00:00","date_gmt":"2025-01-05T23:00:00","guid":{"rendered":"https:\/\/www.secvergnaud.com\/index.php\/les-infos-du-jour\/apprentissage-une-prolongation-a-la-baisse-des-aides-a-lembauche\/"},"modified":"2025-01-06T00:00:00","modified_gmt":"2025-01-05T23:00:00","slug":"apprentissage-une-prolongation-a-la-baisse-des-aides-a-lembauche","status":"publish","type":"weblex-importer-post","link":"https:\/\/www.secvergnaud.com\/index.php\/les-infos-du-jour\/apprentissage-une-prolongation-a-la-baisse-des-aides-a-lembauche\/","title":{"rendered":"Apprentissage\u202f: une prolongation \u00e0 la baisse des aides \u00e0 l\u2019embauche\u202f?"},"content":{"rendered":"<p>En plus de l\u2019aide unique \u00e0 l\u2019apprentissage, une aide exceptionnelle \u00e0 l\u2019apprentissage d\u2019un montant maximal de 6\u202f000 \u20ac avait \u00e9t\u00e9 mise en place lors de la crise sanitaire. Si le gouvernement a annonc\u00e9 la maintenir pour 2025, son montant devrait \u00eatre toutefois \u00eatre revu \u00e0 la baisse.<\/p>\n<h2>Aide exceptionnelle \u00e0 l\u2019embauche d\u2019apprentis reconduction et baisse au programme\u202f?<\/h2>\n<p>Pour rappel, l\u2019aide exceptionnelle \u00e0 l\u2019embauche d\u2019apprentis s\u2019\u00e9l\u00e8ve aujourd\u2019hui \u00e0 6000 \u20ac maximum et est vers\u00e9e aux employeurs \u00e9ligibles au titre de la 1re ann\u00e9e d\u2019ex\u00e9cution du contrat.<\/p>\n<p>Le b\u00e9n\u00e9fice de cette aide est subordonn\u00e9 \u00e0 la transmission du contrat d\u2019apprentissage \u00e0 l\u2019op\u00e9rateur de comp\u00e9tences (OPCO) et est r\u00e9serv\u00e9 aux\u202f:<\/p>\n<ul>\n<li>employeurs embauchant moins de 250 salari\u00e9s, pour les contrats d\u2019apprentissage pr\u00e9parant un dipl\u00f4me ou un titre professionnel \u00e9quivalent de niveau bac +2 \u00e0 bac +5 (bac +3 \u00e0 bac +5 dans les d\u00e9partements d\u2019outre-mer)\u202f;<\/li>\n<li>sous condition de quota, aux employeurs embauchant au moins 250 salari\u00e9s, au titre des seuls contrats d\u2019apprentissage pr\u00e9parant \u00e0 un dipl\u00f4me \u00e9quivalent au plus \u00e0 un bac +5.<\/li>\n<\/ul>\n<p>Cette aide exceptionnelle devait prendre fin au 31 d\u00e9cembre 2024. Mais, dans un communiqu\u00e9 r\u00e9cent, le gouvernement a annonc\u00e9 que cette aide exceptionnelle \u00e0 l\u2019embauche serait reconduite en 2025.<\/p>\n<p>Seules diff\u00e9rences\u202f: les montants de cette aide qui devraient \u00eatre revus \u00e0 la baisse en 2025.<\/p>\n<p>En effet, le gouvernement a annonc\u00e9 que le montant maximal de cette aide serait de 5 000 \u20ac pour les entreprises de moins de 250 salari\u00e9s et de 2\u202f000 \u20ac pour les autres entreprises.<\/p>\n<p>Notez toutefois qu\u2019un maintien de l\u2019aide \u00e0 6\u202f000 \u20ac est \u00e0 pr\u00e9voir pour l\u2019embauche d\u2019apprentis en situation de handicap, cumulable avec les autres aides sp\u00e9cifiques qui leur sont r\u00e9serv\u00e9es.<\/p>\n<p>Un texte ult\u00e9rieur devrait officialiser cette reconduction \u00e0 la baisse de l\u2019aide exceptionnelle \u00e0 l\u2019embauche d\u2019apprentis.<\/p>\n<p>Affaire \u00e0 suivre\u2026<\/p>\n<div>Sources :  <\/p>\n<ul>\n<li><a href=\"https:\/\/travail-emploi.gouv.fr\/decret-sur-les-aides-lapprentissage-le-gouvernement-continue-de-soutenir-lapprentissage\" rel=\"noopener\" target=\"_blank\">Communiqu\u00e9 de presse du 30 d\u00e9cembre 2024, publi\u00e9 sur le site du minist\u00e8re du travail, de la Sant\u00e9, des solidarit\u00e9s et des familles\u202f: \u00ab\u202fD\u00e9cret sur les aides \u00e0 l\u2019apprentissage\u202f: le Gouvernement continue de soutenir l\u2019apprentissage\u202f\u00bb.<\/a><\/li>\n<\/ul>\n<\/div>\n<p><a href=\"https:\/\/www.weblex.fr\/weblex-actualite\/apprentissage-une-prolongation-a-la-baisse-des-aides-a-l-embauche\" target=\"_blank\" rel=\"noopener\">Apprentissage : une prolongation \u00e0 la baisse des aides \u00e0 l\u2019embauche\u202f?<\/a> &#8211; \u00a9 Copyright WebLex<\/p>\n<p><img src=\"https:\/\/www.weblex.fr\/sites\/default\/files\/actualites\/images\/Shutterstock_apprentissageaidesembauche.jpg\"><\/p>\n","protected":false},"excerpt":{"rendered":"<p>En plus de l\u2019aide unique \u00e0 l\u2019apprentissage, une aide exceptionnelle \u00e0 l\u2019apprentissage d\u2019un montant maximal de 6\u202f000 \u20ac avait \u00e9t\u00e9 mise en place lors de la crise sanitaire. Si le gouvernement a annonc\u00e9 la maintenir pour 2025, son montant devrait \u00eatre toutefois \u00eatre revu \u00e0 la baisse.<\/p>\n","protected":false},"featured_media":100296,"template":"","weblex-importer-activity":[],"weblex-importer-category":[62,65],"weblex-importer-tag":[198],"weblex-importer-keyword":[],"_links":{"self":[{"href":"https:\/\/www.secvergnaud.com\/index.php\/wp-json\/wp\/v2\/weblex-importer-post\/100295"}],"collection":[{"href":"https:\/\/www.secvergnaud.com\/index.php\/wp-json\/wp\/v2\/weblex-importer-post"}],"about":[{"href":"https:\/\/www.secvergnaud.com\/index.php\/wp-json\/wp\/v2\/types\/weblex-importer-post"}],"wp:featuredmedia":[{"embeddable":true,"href":"https:\/\/www.secvergnaud.com\/index.php\/wp-json\/wp\/v2\/media\/100296"}],"wp:attachment":[{"href":"https:\/\/www.secvergnaud.com\/index.php\/wp-json\/wp\/v2\/media?parent=100295"}],"wp:term":[{"taxonomy":"weblex-importer-activity","embeddable":true,"href":"https:\/\/www.secvergnaud.com\/index.php\/wp-json\/wp\/v2\/weblex-importer-activity?post=100295"},{"taxonomy":"weblex-importer-category","embeddable":true,"href":"https:\/\/www.secvergnaud.com\/index.php\/wp-json\/wp\/v2\/weblex-importer-category?post=100295"},{"taxonomy":"weblex-importer-tag","embeddable":true,"href":"https:\/\/www.secvergnaud.com\/index.php\/wp-json\/wp\/v2\/weblex-importer-tag?post=100295"},{"taxonomy":"weblex-importer-keyword","embeddable":true,"href":"https:\/\/www.secvergnaud.com\/index.php\/wp-json\/wp\/v2\/weblex-importer-keyword?post=100295"}],"curies":[{"name":"wp","href":"https:\/\/api.w.org\/{rel}","templated":true}]}}